{"id":987,"date":"2012-06-21T21:17:27","date_gmt":"2012-06-21T19:17:27","guid":{"rendered":"http:\/\/oberschin.com\/?p=987"},"modified":"2014-10-18T21:20:54","modified_gmt":"2014-10-18T19:20:54","slug":"liebe-kissen","status":"publish","type":"post","link":"https:\/\/oberschin.com\/?p=987","title":{"rendered":"Liebe-Kissen"},"content":{"rendered":"<p><span style=\"font-family: Courier;\">&#8230;Hamburger Liebe &#8211; Kissen&#8230; Schmuse-Kissen&#8230; Elias-Kissen.<\/span><\/p>\n<p><span style=\"font-family: Courier;\">&#8230;mit Reisverschluss, damit es gewaschen werden kann. Aber leider ohne \u00d6se und Karabinerhaken um es an den Rucksack heften zu k\u00f6nnen, wie der &#8222;Wander-Papa&#8220; sich das f\u00fcr seinen Sohn gew\u00fcnscht h\u00e4tte.<\/span><\/p>\n<p align=\"center\"><a href=\"https:\/\/i0.wp.com\/oberschin.com\/wp-content\/uploads\/2014\/10\/collage_Elias.jpg\"><img data-recalc-dims=\"1\" loading=\"lazy\" decoding=\"async\" data-attachment-id=\"988\" data-permalink=\"https:\/\/oberschin.com\/?attachment_id=988\" data-orig-file=\"https:\/\/i0.wp.com\/oberschin.com\/wp-content\/uploads\/2014\/10\/collage_Elias.jpg?fit=611%2C831&amp;ssl=1\" data-orig-size=\"611,831\" data-comments-opened=\"1\" data-image-meta=\"{&quot;aperture&quot;:&quot;0&quot;,&quot;credit&quot;:&quot;&quot;,&quot;camera&quot;:&quot;&quot;,&quot;caption&quot;:&quot;&quot;,&quot;created_timestamp&quot;:&quot;0&quot;,&quot;copyright&quot;:&quot;&quot;,&quot;focal_length&quot;:&quot;0&quot;,&quot;iso&quot;:&quot;0&quot;,&quot;shutter_speed&quot;:&quot;0&quot;,&quot;title&quot;:&quot;&quot;,&quot;orientation&quot;:&quot;1&quot;}\" data-image-title=\"collage_Elias\" data-image-description=\"\" data-image-caption=\"\" data-large-file=\"https:\/\/i0.wp.com\/oberschin.com\/wp-content\/uploads\/2014\/10\/collage_Elias.jpg?fit=611%2C831&amp;ssl=1\" class=\"aligncenter wp-image-988\" src=\"https:\/\/i0.wp.com\/oberschin.com\/wp-content\/uploads\/2014\/10\/collage_Elias.jpg?resize=620%2C843\" alt=\"collage_Elias\" width=\"620\" height=\"843\" srcset=\"https:\/\/i0.wp.com\/oberschin.com\/wp-content\/uploads\/2014\/10\/collage_Elias.jpg?w=611&amp;ssl=1 611w, https:\/\/i0.wp.com\/oberschin.com\/wp-content\/uploads\/2014\/10\/collage_Elias.jpg?resize=220%2C300&amp;ssl=1 220w\" sizes=\"auto, (max-width: 620px) 100vw, 620px\" \/><\/a><\/p>\n<p><span style=\"font-family: Courier;\">Hier mein Aufruf an die Wanderfamilie:\u00a0Wenn ich etwas mehr Informationen dazu bekomme, wie man sich so ein\u00a0&#8222;Wanderkissen&#8220; genau vorstellt, mache ich mich an ein zweites Elias-Kissen. Eins <b>mit<\/b> \u00d6se und so weiter. Aber den Karabinerhaken, den m\u00fcsst ihr selber beisteuern. <img data-recalc-dims=\"1\" decoding=\"async\" src=\"https:\/\/i0.wp.com\/static.websimages.com\/JS\/Punymce\/plugins\/emoticons\/img\/smile.gif?w=620\" alt=\":)\" \/><\/span><\/p>\n<p><img data-recalc-dims=\"1\" loading=\"lazy\" decoding=\"async\" src=\"https:\/\/i0.wp.com\/oberschin.webs.com\/unterschrift.png?resize=70%2C30\" alt=\"\" width=\"70\" height=\"30\" \/><\/p>\n<p>&nbsp;<\/p>\n","protected":false},"excerpt":{"rendered":"<p>&#8230;Hamburger Liebe &#8211; Kissen&#8230; Schmuse-Kissen&#8230; Elias-Kissen. &#8230;mit Reisverschluss, damit es gewaschen werden kann. Aber leider ohne \u00d6se und Karabinerhaken um es an den Rucksack heften zu k\u00f6nnen, wie&#8230;<\/p>\n","protected":false},"author":1,"featured_media":988,"comment_status":"open","ping_status":"open","sticky":false,"template":"","format":"standard","meta":{"jetpack_post_was_ever_published":false,"_jetpack_newsletter_access":"","_jetpack_dont_email_post_to_subs":false,"_jetpack_newsletter_tier_id":0,"_jetpack_memberships_contains_paywalled_content":false,"_jetpack_memberships_contains_paid_content":false,"footnotes":"","jetpack_publicize_message":"","jetpack_publicize_feature_enabled":true,"jetpack_social_post_already_shared":false,"jetpack_social_options":{"image_generator_settings":{"template":"highway","default_image_id":0,"font":"","enabled":false},"version":2}},"categories":[3],"tags":[],"class_list":["post-987","post","type-post","status-publish","format-standard","has-post-thumbnail","hentry","category-kinderkram"],"jetpack_publicize_connections":[],"jetpack_featured_media_url":"https:\/\/i0.wp.com\/oberschin.com\/wp-content\/uploads\/2014\/10\/collage_Elias.jpg?fit=611%2C831&ssl=1","jetpack_sharing_enabled":true,"jetpack_shortlink":"https:\/\/wp.me\/p6KMDe-fV","jetpack-related-posts":[{"id":88,"url":"https:\/\/oberschin.com\/?p=88","url_meta":{"origin":987,"position":0},"title":"Kirschkern-Flanell-Kissen","author":"oberschin","date":"28. Oktober 2010","format":false,"excerpt":"Dieses l\u00f6chrige Ding habe ich von meiner lieben Schwiegermama bekommen: Diesen kuschligen Flanell mit passendem gemustertem Baumwollstoff habe ich auf unserer Neuengland-Reise gekauft: Dann hab ich die Kirschensteine aus dem alten Kissen raussortiert und den Bezug weggeschmissen... ...den Flanell und den Baumwollstoff zugeschnitten (25 x 25 cm), passenden Faden rausgesucht\u2026","rel":"","context":"In &quot;praktische f\u00fcr zuhause&quot;","block_context":{"text":"praktische f\u00fcr zuhause","link":"https:\/\/oberschin.com\/?cat=9"},"img":{"alt_text":"","src":"https:\/\/i0.wp.com\/oberschin.com\/wp-content\/uploads\/2010\/10\/DSC02683.jpg?fit=1000%2C666&ssl=1&resize=350%2C200","width":350,"height":200,"srcset":"https:\/\/i0.wp.com\/oberschin.com\/wp-content\/uploads\/2010\/10\/DSC02683.jpg?fit=1000%2C666&ssl=1&resize=350%2C200 1x, https:\/\/i0.wp.com\/oberschin.com\/wp-content\/uploads\/2010\/10\/DSC02683.jpg?fit=1000%2C666&ssl=1&resize=525%2C300 1.5x, https:\/\/i0.wp.com\/oberschin.com\/wp-content\/uploads\/2010\/10\/DSC02683.jpg?fit=1000%2C666&ssl=1&resize=700%2C400 2x"},"classes":[]},{"id":1821,"url":"https:\/\/oberschin.com\/?p=1821","url_meta":{"origin":987,"position":1},"title":"Landschafts-Kissen","author":"oberschin","date":"30. Mai 2015","format":false,"excerpt":"Ich sollte Schaumgummi besorgen, robusten Stoff in genau dem Blau, wie es im Prospekt verwendet wird auftreiben und ein Kissen n\u00e4hen. Den Stoff habe ich in einem Polsterm\u00f6bel-Laden gefunden... f\u00fcr stolze 120.- \/ Meter. Nachdem ich ihn passend zum Schaumstoff (100 x 35 cm) zugeschnitten hatte ging er zum Siebdruck...\u2026","rel":"","context":"In &quot;praktische f\u00fcr zuhause&quot;","block_context":{"text":"praktische f\u00fcr zuhause","link":"https:\/\/oberschin.com\/?cat=9"},"img":{"alt_text":"","src":"https:\/\/i0.wp.com\/oberschin.com\/wp-content\/uploads\/2015\/03\/DSC07454.jpg?fit=1000%2C666&ssl=1&resize=350%2C200","width":350,"height":200,"srcset":"https:\/\/i0.wp.com\/oberschin.com\/wp-content\/uploads\/2015\/03\/DSC07454.jpg?fit=1000%2C666&ssl=1&resize=350%2C200 1x, https:\/\/i0.wp.com\/oberschin.com\/wp-content\/uploads\/2015\/03\/DSC07454.jpg?fit=1000%2C666&ssl=1&resize=525%2C300 1.5x, https:\/\/i0.wp.com\/oberschin.com\/wp-content\/uploads\/2015\/03\/DSC07454.jpg?fit=1000%2C666&ssl=1&resize=700%2C400 2x"},"classes":[]},{"id":702,"url":"https:\/\/oberschin.com\/?p=702","url_meta":{"origin":987,"position":2},"title":"Kirschkernkissen","author":"oberschin","date":"22. Oktober 2011","format":false,"excerpt":"Ein Kirschkernkissen passend zum Pyjama war gew\u00fcnscht. Und das Pyjama sei hellblau... und super bequem. Dann muss also ein blaues, m\u00e4nnertaugliches, super bequemes Kirschkernkissen her. Und hier ist es: oben robuster Baumwollstoff (von \"Stoff und Stil\") und unten Frottee (aus Lorraine's) Ich hoffe, es wird rege benutzt und gleich geliebt,\u2026","rel":"","context":"In &quot;m\u00e4nnersache&quot;","block_context":{"text":"m\u00e4nnersache","link":"https:\/\/oberschin.com\/?cat=4"},"img":{"alt_text":"","src":"https:\/\/i0.wp.com\/oberschin.com\/wp-content\/uploads\/2014\/10\/DSC07593.jpg?fit=1000%2C666&ssl=1&resize=350%2C200","width":350,"height":200,"srcset":"https:\/\/i0.wp.com\/oberschin.com\/wp-content\/uploads\/2014\/10\/DSC07593.jpg?fit=1000%2C666&ssl=1&resize=350%2C200 1x, https:\/\/i0.wp.com\/oberschin.com\/wp-content\/uploads\/2014\/10\/DSC07593.jpg?fit=1000%2C666&ssl=1&resize=525%2C300 1.5x, https:\/\/i0.wp.com\/oberschin.com\/wp-content\/uploads\/2014\/10\/DSC07593.jpg?fit=1000%2C666&ssl=1&resize=700%2C400 2x"},"classes":[]},{"id":443,"url":"https:\/\/oberschin.com\/?p=443","url_meta":{"origin":987,"position":3},"title":"Sophie&#8217;s Kirschkernkissen","author":"oberschin","date":"23. M\u00e4rz 2011","format":false,"excerpt":"Eines meiner liebsten Geschenke zur Geburt sind Schaf-Kirschenkernkissen: Ein selbstgen\u00e4htes Kirschenkernkissen umh\u00fcllt von einem karrierten Kissenanzug, welcher sich mit Reisverschluss \u00f6ffenen l\u00e4sst UND auf Wunsch hin mit dem Namen des neuen Erdenb\u00fcrgers bestickt wird. Hier ein auf Wunsch angefertigtes Schaf... f\u00fcr Sophie... \u00a0 Das Kirschenkernkissen enth\u00e4lt gut 500g Kirschenkerne und\u2026","rel":"","context":"In &quot;kinderkram&quot;","block_context":{"text":"kinderkram","link":"https:\/\/oberschin.com\/?cat=3"},"img":{"alt_text":"","src":"https:\/\/i0.wp.com\/oberschin.com\/wp-content\/uploads\/2014\/10\/DSC04837.jpg?fit=1000%2C666&ssl=1&resize=350%2C200","width":350,"height":200,"srcset":"https:\/\/i0.wp.com\/oberschin.com\/wp-content\/uploads\/2014\/10\/DSC04837.jpg?fit=1000%2C666&ssl=1&resize=350%2C200 1x, https:\/\/i0.wp.com\/oberschin.com\/wp-content\/uploads\/2014\/10\/DSC04837.jpg?fit=1000%2C666&ssl=1&resize=525%2C300 1.5x, https:\/\/i0.wp.com\/oberschin.com\/wp-content\/uploads\/2014\/10\/DSC04837.jpg?fit=1000%2C666&ssl=1&resize=700%2C400 2x"},"classes":[]},{"id":1113,"url":"https:\/\/oberschin.com\/?p=1113","url_meta":{"origin":987,"position":4},"title":"Stillkissen","author":"oberschin","date":"17. Februar 2014","format":false,"excerpt":"Ich habe ein Stillkissen bekommen... ein stinkiges... zuerst viel es mir nicht so auf, aber dann dr\u00fcckte unter dem Waschmittelduft Rauchgestank durch. Und das ist definitiv nicht so eine angenehme Duft-Mischung. Als ich dann noch einen h\u00e4sslichen Flecken auf dem Anzug entdeckte, entschied ich mich, ihn zu entsorgen (den Anzug),\u2026","rel":"","context":"In &quot;kinderkram&quot;","block_context":{"text":"kinderkram","link":"https:\/\/oberschin.com\/?cat=3"},"img":{"alt_text":"","src":"https:\/\/i0.wp.com\/oberschin.com\/wp-content\/uploads\/2014\/02\/DSC04810.jpg?fit=1000%2C666&ssl=1&resize=350%2C200","width":350,"height":200,"srcset":"https:\/\/i0.wp.com\/oberschin.com\/wp-content\/uploads\/2014\/02\/DSC04810.jpg?fit=1000%2C666&ssl=1&resize=350%2C200 1x, https:\/\/i0.wp.com\/oberschin.com\/wp-content\/uploads\/2014\/02\/DSC04810.jpg?fit=1000%2C666&ssl=1&resize=525%2C300 1.5x, https:\/\/i0.wp.com\/oberschin.com\/wp-content\/uploads\/2014\/02\/DSC04810.jpg?fit=1000%2C666&ssl=1&resize=700%2C400 2x"},"classes":[]},{"id":2188,"url":"https:\/\/oberschin.com\/?p=2188","url_meta":{"origin":987,"position":5},"title":"Bettw\u00e4sche f\u00fcr k\u00fchle Herbstn\u00e4chte","author":"oberschin","date":"1. Oktober 2015","format":false,"excerpt":"Eigentlich sollte man ja nicht den billigsten Stoff kaufen, sondern der von dem man weiss, woher er kommt. Nicht? Es ist ja nicht so, dass \"Bio-Stoff\" wirklich viel teurer sind. Also kaufte ich eine (kleine) Ladung \"Birch organic fabric\". Aber nur gerade soviel, wie ich auch verwerten kann, nicht dass\u2026","rel":"","context":"In &quot;kinderkram&quot;","block_context":{"text":"kinderkram","link":"https:\/\/oberschin.com\/?cat=3"},"img":{"alt_text":"","src":"https:\/\/i0.wp.com\/oberschin.com\/wp-content\/uploads\/2015\/09\/DSC08134.jpg?fit=1000%2C631&ssl=1&resize=350%2C200","width":350,"height":200,"srcset":"https:\/\/i0.wp.com\/oberschin.com\/wp-content\/uploads\/2015\/09\/DSC08134.jpg?fit=1000%2C631&ssl=1&resize=350%2C200 1x, https:\/\/i0.wp.com\/oberschin.com\/wp-content\/uploads\/2015\/09\/DSC08134.jpg?fit=1000%2C631&ssl=1&resize=525%2C300 1.5x, https:\/\/i0.wp.com\/oberschin.com\/wp-content\/uploads\/2015\/09\/DSC08134.jpg?fit=1000%2C631&ssl=1&resize=700%2C400 2x"},"classes":[]}],"_links":{"self":[{"href":"https:\/\/oberschin.com\/index.php?rest_route=\/wp\/v2\/posts\/987","targetHints":{"allow":["GET"]}}],"collection":[{"href":"https:\/\/oberschin.com\/index.php?rest_route=\/wp\/v2\/posts"}],"about":[{"href":"https:\/\/oberschin.com\/index.php?rest_route=\/wp\/v2\/types\/post"}],"author":[{"embeddable":true,"href":"https:\/\/oberschin.com\/index.php?rest_route=\/wp\/v2\/users\/1"}],"replies":[{"embeddable":true,"href":"https:\/\/oberschin.com\/index.php?rest_route=%2Fwp%2Fv2%2Fcomments&post=987"}],"version-history":[{"count":1,"href":"https:\/\/oberschin.com\/index.php?rest_route=\/wp\/v2\/posts\/987\/revisions"}],"predecessor-version":[{"id":989,"href":"https:\/\/oberschin.com\/index.php?rest_route=\/wp\/v2\/posts\/987\/revisions\/989"}],"wp:featuredmedia":[{"embeddable":true,"href":"https:\/\/oberschin.com\/index.php?rest_route=\/wp\/v2\/media\/988"}],"wp:attachment":[{"href":"https:\/\/oberschin.com\/index.php?rest_route=%2Fwp%2Fv2%2Fmedia&parent=987"}],"wp:term":[{"taxonomy":"category","embeddable":true,"href":"https:\/\/oberschin.com\/index.php?rest_route=%2Fwp%2Fv2%2Fcategories&post=987"},{"taxonomy":"post_tag","embeddable":true,"href":"https:\/\/oberschin.com\/index.php?rest_route=%2Fwp%2Fv2%2Ftags&post=987"}],"curies":[{"name":"wp","href":"https:\/\/api.w.org\/{rel}","templated":true}]}}