{"id":974,"date":"2012-06-03T21:08:07","date_gmt":"2012-06-03T19:08:07","guid":{"rendered":"http:\/\/oberschin.com\/?p=974"},"modified":"2014-10-18T21:12:47","modified_gmt":"2014-10-18T19:12:47","slug":"musik-im-bauch","status":"publish","type":"post","link":"https:\/\/oberschin.com\/?p=974","title":{"rendered":"Musik im Bauch"},"content":{"rendered":"<div class=\"blogEntryContent\">\n<p><span style=\"font-family: Courier;\">Musikdosen sind doch noch nette Geschenke. Und noch sch\u00f6ner ist es, wenn die Musik aus einem weichen Tierli kommt. Aus dem Bauch einer Ente zum Beispiel?<\/span><\/p>\n<p align=\"center\"><a href=\"https:\/\/i0.wp.com\/oberschin.com\/wp-content\/uploads\/2014\/10\/DSC02024.jpg\"><img data-recalc-dims=\"1\" loading=\"lazy\" decoding=\"async\" data-attachment-id=\"976\" data-permalink=\"https:\/\/oberschin.com\/?attachment_id=976\" data-orig-file=\"https:\/\/i0.wp.com\/oberschin.com\/wp-content\/uploads\/2014\/10\/DSC02024.jpg?fit=1000%2C1503&amp;ssl=1\" data-orig-size=\"1000,1503\" data-comments-opened=\"1\" data-image-meta=\"{&quot;aperture&quot;:&quot;5.6&quot;,&quot;credit&quot;:&quot;&quot;,&quot;camera&quot;:&quot;DSLR-A350&quot;,&quot;caption&quot;:&quot;&quot;,&quot;created_timestamp&quot;:&quot;1338405416&quot;,&quot;copyright&quot;:&quot;&quot;,&quot;focal_length&quot;:&quot;105&quot;,&quot;iso&quot;:&quot;400&quot;,&quot;shutter_speed&quot;:&quot;0.066666666666667&quot;,&quot;title&quot;:&quot;SONY DSC&quot;,&quot;orientation&quot;:&quot;1&quot;}\" data-image-title=\"SONY DSC\" data-image-description=\"\" data-image-caption=\"\" data-large-file=\"https:\/\/i0.wp.com\/oberschin.com\/wp-content\/uploads\/2014\/10\/DSC02024.jpg?fit=620%2C932&amp;ssl=1\" class=\"aligncenter wp-image-976\" src=\"https:\/\/i0.wp.com\/oberschin.com\/wp-content\/uploads\/2014\/10\/DSC02024.jpg?resize=620%2C932\" alt=\"SONY DSC\" width=\"620\" height=\"932\" srcset=\"https:\/\/i0.wp.com\/oberschin.com\/wp-content\/uploads\/2014\/10\/DSC02024.jpg?w=1000&amp;ssl=1 1000w, https:\/\/i0.wp.com\/oberschin.com\/wp-content\/uploads\/2014\/10\/DSC02024.jpg?resize=199%2C300&amp;ssl=1 199w, https:\/\/i0.wp.com\/oberschin.com\/wp-content\/uploads\/2014\/10\/DSC02024.jpg?resize=681%2C1024&amp;ssl=1 681w, https:\/\/i0.wp.com\/oberschin.com\/wp-content\/uploads\/2014\/10\/DSC02024.jpg?resize=700%2C1052&amp;ssl=1 700w\" sizes=\"auto, (max-width: 620px) 100vw, 620px\" \/><\/a><\/p>\n<p align=\"center\"><a href=\"https:\/\/i0.wp.com\/oberschin.com\/wp-content\/uploads\/2014\/10\/DSC02027.jpg\"><img data-recalc-dims=\"1\" loading=\"lazy\" decoding=\"async\" data-attachment-id=\"975\" data-permalink=\"https:\/\/oberschin.com\/?attachment_id=975\" data-orig-file=\"https:\/\/i0.wp.com\/oberschin.com\/wp-content\/uploads\/2014\/10\/DSC02027.jpg?fit=1000%2C666&amp;ssl=1\" data-orig-size=\"1000,666\" data-comments-opened=\"1\" data-image-meta=\"{&quot;aperture&quot;:&quot;5&quot;,&quot;credit&quot;:&quot;&quot;,&quot;camera&quot;:&quot;DSLR-A350&quot;,&quot;caption&quot;:&quot;&quot;,&quot;created_timestamp&quot;:&quot;1338405441&quot;,&quot;copyright&quot;:&quot;&quot;,&quot;focal_length&quot;:&quot;45&quot;,&quot;iso&quot;:&quot;400&quot;,&quot;shutter_speed&quot;:&quot;0.033333333333333&quot;,&quot;title&quot;:&quot;SONY DSC&quot;,&quot;orientation&quot;:&quot;1&quot;}\" data-image-title=\"SONY DSC\" data-image-description=\"\" data-image-caption=\"\" data-large-file=\"https:\/\/i0.wp.com\/oberschin.com\/wp-content\/uploads\/2014\/10\/DSC02027.jpg?fit=620%2C413&amp;ssl=1\" class=\"aligncenter wp-image-975\" src=\"https:\/\/i0.wp.com\/oberschin.com\/wp-content\/uploads\/2014\/10\/DSC02027.jpg?resize=620%2C413\" alt=\"SONY DSC\" width=\"620\" height=\"413\" srcset=\"https:\/\/i0.wp.com\/oberschin.com\/wp-content\/uploads\/2014\/10\/DSC02027.jpg?w=1000&amp;ssl=1 1000w, https:\/\/i0.wp.com\/oberschin.com\/wp-content\/uploads\/2014\/10\/DSC02027.jpg?resize=300%2C199&amp;ssl=1 300w, https:\/\/i0.wp.com\/oberschin.com\/wp-content\/uploads\/2014\/10\/DSC02027.jpg?resize=700%2C466&amp;ssl=1 700w\" sizes=\"auto, (max-width: 620px) 100vw, 620px\" \/><\/a><\/p>\n<p><span style=\"font-family: Courier;\">Diese hier kann man im <a href=\"https:\/\/www.etsy.com\/de\/listing\/102342242\/music-box-ducking?ref=shop_home_active_1\">Laden<\/a> bekommen. Sie singt &#8222;Schlaf Kindlein schlaf&#8230;&#8220;<\/span><\/p>\n<p><img data-recalc-dims=\"1\" loading=\"lazy\" decoding=\"async\" src=\"https:\/\/i0.wp.com\/oberschin.webs.com\/unterschrift.png?resize=82%2C38\" alt=\"\" width=\"82\" height=\"38\" \/><\/p>\n<\/div>\n","protected":false},"excerpt":{"rendered":"<p>Musikdosen sind doch noch nette Geschenke. Und noch sch\u00f6ner ist es, wenn die Musik aus einem weichen Tierli kommt. Aus dem Bauch einer Ente zum Beispiel? Diese hier&#8230;<\/p>\n","protected":false},"author":1,"featured_media":975,"comment_status":"open","ping_status":"open","sticky":false,"template":"","format":"standard","meta":{"jetpack_post_was_ever_published":false,"_jetpack_newsletter_access":"","_jetpack_dont_email_post_to_subs":false,"_jetpack_newsletter_tier_id":0,"_jetpack_memberships_contains_paywalled_content":false,"_jetpack_memberships_contains_paid_content":false,"footnotes":"","jetpack_publicize_message":"","jetpack_publicize_feature_enabled":true,"jetpack_social_post_already_shared":false,"jetpack_social_options":{"image_generator_settings":{"template":"highway","default_image_id":0,"font":"","enabled":false},"version":2}},"categories":[3,10],"tags":[],"class_list":["post-974","post","type-post","status-publish","format-standard","has-post-thumbnail","hentry","category-kinderkram","category-shop-news"],"jetpack_publicize_connections":[],"jetpack_featured_media_url":"https:\/\/i0.wp.com\/oberschin.com\/wp-content\/uploads\/2014\/10\/DSC02027.jpg?fit=1000%2C666&ssl=1","jetpack_sharing_enabled":true,"jetpack_shortlink":"https:\/\/wp.me\/p6KMDe-fI","jetpack-related-posts":[{"id":1073,"url":"https:\/\/oberschin.com\/?p=1073","url_meta":{"origin":974,"position":0},"title":"Bridget &#8211; der Elefant mit Brahms im Bauch","author":"oberschin","date":"23. August 2014","format":false,"excerpt":"Eigentlich sollte das Buch ja einfach ein Geburtstagsgeschenk werden... aber dann musst ich schnell selber grad schon ein Muster ausprobieren. Die H\u00e4keltiere sind so h\u00fcbsch, da konnte ich nicht wiederstehen... Das Buch enth\u00e4lt H\u00e4kelmuster von drei Schwierigkeitsgraden. Bridget - unser Elefant - geh\u00f6rt ins Level 1. Tiere im Level 1\u2026","rel":"","context":"In &quot;kinderkram&quot;","block_context":{"text":"kinderkram","link":"https:\/\/oberschin.com\/?cat=3"},"img":{"alt_text":"","src":"https:\/\/i0.wp.com\/oberschin.com\/wp-content\/uploads\/2014\/08\/DSC06547.jpg?fit=798%2C1200&ssl=1&resize=350%2C200","width":350,"height":200,"srcset":"https:\/\/i0.wp.com\/oberschin.com\/wp-content\/uploads\/2014\/08\/DSC06547.jpg?fit=798%2C1200&ssl=1&resize=350%2C200 1x, https:\/\/i0.wp.com\/oberschin.com\/wp-content\/uploads\/2014\/08\/DSC06547.jpg?fit=798%2C1200&ssl=1&resize=525%2C300 1.5x, https:\/\/i0.wp.com\/oberschin.com\/wp-content\/uploads\/2014\/08\/DSC06547.jpg?fit=798%2C1200&ssl=1&resize=700%2C400 2x"},"classes":[]},{"id":3290,"url":"https:\/\/oberschin.com\/?p=3290","url_meta":{"origin":974,"position":1},"title":"Hasen-Musik&#8230;","author":"oberschin","date":"30. Juni 2018","format":false,"excerpt":"...statt Katzenmusik. Der Hase hier ist schon vor Ewigkeiten entstanden und inzwischen ist auch schon die Musikdose in seinem Bauch kaputt. Ach ja, das Angebot steht noch, liebe Hasenbesitzer. Ich mache dem Hasen gerne neue Musik in den Bauch rein, wenn ihr wollt. Das H\u00e4kelmuster ist aus Edwards Managerie. \u00a0Und\u2026","rel":"","context":"In &quot;kinderkram&quot;","block_context":{"text":"kinderkram","link":"https:\/\/oberschin.com\/?cat=3"},"img":{"alt_text":"","src":"https:\/\/i0.wp.com\/oberschin.com\/wp-content\/uploads\/2018\/06\/DSC06870.jpg?fit=1000%2C666&ssl=1&resize=350%2C200","width":350,"height":200,"srcset":"https:\/\/i0.wp.com\/oberschin.com\/wp-content\/uploads\/2018\/06\/DSC06870.jpg?fit=1000%2C666&ssl=1&resize=350%2C200 1x, https:\/\/i0.wp.com\/oberschin.com\/wp-content\/uploads\/2018\/06\/DSC06870.jpg?fit=1000%2C666&ssl=1&resize=525%2C300 1.5x, https:\/\/i0.wp.com\/oberschin.com\/wp-content\/uploads\/2018\/06\/DSC06870.jpg?fit=1000%2C666&ssl=1&resize=700%2C400 2x"},"classes":[]},{"id":1732,"url":"https:\/\/oberschin.com\/?p=1732","url_meta":{"origin":974,"position":2},"title":"Esel mit &#8222;alter&#8220; Musik","author":"oberschin","date":"18. M\u00e4rz 2015","format":false,"excerpt":"Meine Mama hat eine alte Musikdose von uns Kindern\u00a0gefunden. Eine, die sie\u00a0mal irgendwo rausgetrennt haben muss, weil das Tier drumrum wohl nicht mehr so h\u00fcbsch aussah. Von der Wolle, aus welcher ich den Elefant und den L\u00f6we geh\u00e4kelt habe, hatte ich noch zwei weitere Kn\u00e4uel in einer dritten Farbe im\u2026","rel":"","context":"In &quot;kinderkram&quot;","block_context":{"text":"kinderkram","link":"https:\/\/oberschin.com\/?cat=3"},"img":{"alt_text":"","src":"https:\/\/i0.wp.com\/oberschin.com\/wp-content\/uploads\/2015\/03\/DSC07392.jpg?fit=1000%2C657&ssl=1&resize=350%2C200","width":350,"height":200,"srcset":"https:\/\/i0.wp.com\/oberschin.com\/wp-content\/uploads\/2015\/03\/DSC07392.jpg?fit=1000%2C657&ssl=1&resize=350%2C200 1x, https:\/\/i0.wp.com\/oberschin.com\/wp-content\/uploads\/2015\/03\/DSC07392.jpg?fit=1000%2C657&ssl=1&resize=525%2C300 1.5x, https:\/\/i0.wp.com\/oberschin.com\/wp-content\/uploads\/2015\/03\/DSC07392.jpg?fit=1000%2C657&ssl=1&resize=700%2C400 2x"},"classes":[]},{"id":1483,"url":"https:\/\/oberschin.com\/?p=1483","url_meta":{"origin":974,"position":3},"title":"MMM #24 &#8211; japanische Karotunika","author":"oberschin","date":"7. Oktober 2013","format":false,"excerpt":"Erst k\u00fcrzlich habe ich bemerkt, dass ich da ja noch reinpasse, in die sommerliche Karo-Tunika. Also habe ich mir sofort den Schnitt rausgesucht und mir eine zweite zugeschnitten. Ich n\u00e4he mir n\u00e4mlich lieber etwas mit einem \"normalen\" Schnitt, statt \"Umstandskleider\" die ich nach wenigen Monaten dann schon gar nicht mehr\u2026","rel":"","context":"In &quot;japanisch n\u00e4hen&quot;","block_context":{"text":"japanisch n\u00e4hen","link":"https:\/\/oberschin.com\/?cat=17"},"img":{"alt_text":"","src":"https:\/\/i0.wp.com\/oberschin.com\/wp-content\/uploads\/2014\/10\/DSC04747.jpg?fit=828%2C1200&ssl=1&resize=350%2C200","width":350,"height":200,"srcset":"https:\/\/i0.wp.com\/oberschin.com\/wp-content\/uploads\/2014\/10\/DSC04747.jpg?fit=828%2C1200&ssl=1&resize=350%2C200 1x, https:\/\/i0.wp.com\/oberschin.com\/wp-content\/uploads\/2014\/10\/DSC04747.jpg?fit=828%2C1200&ssl=1&resize=525%2C300 1.5x, https:\/\/i0.wp.com\/oberschin.com\/wp-content\/uploads\/2014\/10\/DSC04747.jpg?fit=828%2C1200&ssl=1&resize=700%2C400 2x"},"classes":[]},{"id":1213,"url":"https:\/\/oberschin.com\/?p=1213","url_meta":{"origin":974,"position":4},"title":"Jara&#8217;s Taschenfreund","author":"oberschin","date":"15. November 2012","format":false,"excerpt":"Dieses Kleid habt ihr vielleicht schon einmal bei mir gesehen. Ich habe nun auf Wunsch einer lieben Freundin ein zweites gen\u00e4ht und darauf den Namen eines noch im Bauch wohnenden Zwerges\u00a0appliziert (inzwischen ist er allerdings nicht mehr im Bauch, der Zwerg). mit passenden \"Windelversteck-Hosen\" und nat\u00fcrlich mit Taschenfreund\u00a0 und mit\u2026","rel":"","context":"In &quot;kinderkleider&quot;","block_context":{"text":"kinderkleider","link":"https:\/\/oberschin.com\/?cat=1"},"img":{"alt_text":"","src":"https:\/\/i0.wp.com\/oberschin.com\/wp-content\/uploads\/2014\/10\/DSC03173.jpg?fit=1000%2C666&ssl=1&resize=350%2C200","width":350,"height":200,"srcset":"https:\/\/i0.wp.com\/oberschin.com\/wp-content\/uploads\/2014\/10\/DSC03173.jpg?fit=1000%2C666&ssl=1&resize=350%2C200 1x, https:\/\/i0.wp.com\/oberschin.com\/wp-content\/uploads\/2014\/10\/DSC03173.jpg?fit=1000%2C666&ssl=1&resize=525%2C300 1.5x, https:\/\/i0.wp.com\/oberschin.com\/wp-content\/uploads\/2014\/10\/DSC03173.jpg?fit=1000%2C666&ssl=1&resize=700%2C400 2x"},"classes":[]},{"id":1071,"url":"https:\/\/oberschin.com\/?p=1071","url_meta":{"origin":974,"position":5},"title":"Rufus &#8211; der L\u00f6we","author":"oberschin","date":"3. September 2014","format":false,"excerpt":"Ich weiss nicht, ob das moralisch korrekt war, was ich da gemacht habe... aber ich konnte irgendwie nicht anders. Ich habe mir, nachdem ich den Elefanten geh\u00e4kelt (und mich ein bisschen in ihn verliebt) habe, noch ein paar der Anleitungen rauskopiert bzw. fotografiert... und nun habe ich bereits ein zweites\u2026","rel":"","context":"In &quot;kinderkram&quot;","block_context":{"text":"kinderkram","link":"https:\/\/oberschin.com\/?cat=3"},"img":{"alt_text":"","src":"https:\/\/i0.wp.com\/oberschin.com\/wp-content\/uploads\/2014\/09\/DSC06615.jpg?fit=1000%2C680&ssl=1&resize=350%2C200","width":350,"height":200,"srcset":"https:\/\/i0.wp.com\/oberschin.com\/wp-content\/uploads\/2014\/09\/DSC06615.jpg?fit=1000%2C680&ssl=1&resize=350%2C200 1x, https:\/\/i0.wp.com\/oberschin.com\/wp-content\/uploads\/2014\/09\/DSC06615.jpg?fit=1000%2C680&ssl=1&resize=525%2C300 1.5x, https:\/\/i0.wp.com\/oberschin.com\/wp-content\/uploads\/2014\/09\/DSC06615.jpg?fit=1000%2C680&ssl=1&resize=700%2C400 2x"},"classes":[]}],"_links":{"self":[{"href":"https:\/\/oberschin.com\/index.php?rest_route=\/wp\/v2\/posts\/974","targetHints":{"allow":["GET"]}}],"collection":[{"href":"https:\/\/oberschin.com\/index.php?rest_route=\/wp\/v2\/posts"}],"about":[{"href":"https:\/\/oberschin.com\/index.php?rest_route=\/wp\/v2\/types\/post"}],"author":[{"embeddable":true,"href":"https:\/\/oberschin.com\/index.php?rest_route=\/wp\/v2\/users\/1"}],"replies":[{"embeddable":true,"href":"https:\/\/oberschin.com\/index.php?rest_route=%2Fwp%2Fv2%2Fcomments&post=974"}],"version-history":[{"count":1,"href":"https:\/\/oberschin.com\/index.php?rest_route=\/wp\/v2\/posts\/974\/revisions"}],"predecessor-version":[{"id":977,"href":"https:\/\/oberschin.com\/index.php?rest_route=\/wp\/v2\/posts\/974\/revisions\/977"}],"wp:featuredmedia":[{"embeddable":true,"href":"https:\/\/oberschin.com\/index.php?rest_route=\/wp\/v2\/media\/975"}],"wp:attachment":[{"href":"https:\/\/oberschin.com\/index.php?rest_route=%2Fwp%2Fv2%2Fmedia&parent=974"}],"wp:term":[{"taxonomy":"category","embeddable":true,"href":"https:\/\/oberschin.com\/index.php?rest_route=%2Fwp%2Fv2%2Fcategories&post=974"},{"taxonomy":"post_tag","embeddable":true,"href":"https:\/\/oberschin.com\/index.php?rest_route=%2Fwp%2Fv2%2Ftags&post=974"}],"curies":[{"name":"wp","href":"https:\/\/api.w.org\/{rel}","templated":true}]}}