{"id":970,"date":"2012-06-01T21:06:03","date_gmt":"2012-06-01T19:06:03","guid":{"rendered":"http:\/\/oberschin.com\/?p=970"},"modified":"2014-10-18T21:07:29","modified_gmt":"2014-10-18T19:07:29","slug":"zum-meera-trocknen","status":"publish","type":"post","link":"https:\/\/oberschin.com\/?p=970","title":{"rendered":"zum Meera trocknen"},"content":{"rendered":"<p align=\"left\"><span style=\"font-family: Courier;\">Ein neues Baby, ein neues Kapuzentuch&#8230;weil der grosse Bruder n\u00e4mlich auch schon eines hat, eines mit blau-weiss-getupftem Rand. F\u00fcrs M\u00e4dchen gibts nun rosa-rot:<\/span><\/p>\n<p align=\"center\"><span style=\"font-family: Courier;\"><a href=\"https:\/\/i0.wp.com\/oberschin.com\/wp-content\/uploads\/2014\/10\/DSC01547.jpg\"><img data-recalc-dims=\"1\" loading=\"lazy\" decoding=\"async\" data-attachment-id=\"971\" data-permalink=\"https:\/\/oberschin.com\/?attachment_id=971\" data-orig-file=\"https:\/\/i0.wp.com\/oberschin.com\/wp-content\/uploads\/2014\/10\/DSC01547.jpg?fit=1000%2C666&amp;ssl=1\" data-orig-size=\"1000,666\" data-comments-opened=\"1\" data-image-meta=\"{&quot;aperture&quot;:&quot;4.5&quot;,&quot;credit&quot;:&quot;&quot;,&quot;camera&quot;:&quot;DSLR-A350&quot;,&quot;caption&quot;:&quot;&quot;,&quot;created_timestamp&quot;:&quot;1334414987&quot;,&quot;copyright&quot;:&quot;&quot;,&quot;focal_length&quot;:&quot;28&quot;,&quot;iso&quot;:&quot;400&quot;,&quot;shutter_speed&quot;:&quot;0.066666666666667&quot;,&quot;title&quot;:&quot;SONY DSC&quot;,&quot;orientation&quot;:&quot;1&quot;}\" data-image-title=\"SONY DSC\" data-image-description=\"\" data-image-caption=\"\" data-large-file=\"https:\/\/i0.wp.com\/oberschin.com\/wp-content\/uploads\/2014\/10\/DSC01547.jpg?fit=620%2C413&amp;ssl=1\" class=\"aligncenter wp-image-971\" src=\"https:\/\/i0.wp.com\/oberschin.com\/wp-content\/uploads\/2014\/10\/DSC01547.jpg?resize=620%2C413\" alt=\"SONY DSC\" width=\"620\" height=\"413\" srcset=\"https:\/\/i0.wp.com\/oberschin.com\/wp-content\/uploads\/2014\/10\/DSC01547.jpg?w=1000&amp;ssl=1 1000w, https:\/\/i0.wp.com\/oberschin.com\/wp-content\/uploads\/2014\/10\/DSC01547.jpg?resize=300%2C199&amp;ssl=1 300w, https:\/\/i0.wp.com\/oberschin.com\/wp-content\/uploads\/2014\/10\/DSC01547.jpg?resize=700%2C466&amp;ssl=1 700w\" sizes=\"auto, (max-width: 620px) 100vw, 620px\" \/><\/a><\/span><\/p>\n<p align=\"center\"><span style=\"font-family: Courier;\"> <a href=\"https:\/\/i0.wp.com\/oberschin.com\/wp-content\/uploads\/2014\/10\/DSC01543.jpg\"><img data-recalc-dims=\"1\" loading=\"lazy\" decoding=\"async\" data-attachment-id=\"972\" data-permalink=\"https:\/\/oberschin.com\/?attachment_id=972\" data-orig-file=\"https:\/\/i0.wp.com\/oberschin.com\/wp-content\/uploads\/2014\/10\/DSC01543.jpg?fit=1000%2C666&amp;ssl=1\" data-orig-size=\"1000,666\" data-comments-opened=\"1\" data-image-meta=\"{&quot;aperture&quot;:&quot;4.5&quot;,&quot;credit&quot;:&quot;&quot;,&quot;camera&quot;:&quot;DSLR-A350&quot;,&quot;caption&quot;:&quot;&quot;,&quot;created_timestamp&quot;:&quot;1334414961&quot;,&quot;copyright&quot;:&quot;&quot;,&quot;focal_length&quot;:&quot;26&quot;,&quot;iso&quot;:&quot;400&quot;,&quot;shutter_speed&quot;:&quot;0.076923076923077&quot;,&quot;title&quot;:&quot;SONY DSC&quot;,&quot;orientation&quot;:&quot;1&quot;}\" data-image-title=\"SONY DSC\" data-image-description=\"\" data-image-caption=\"\" data-large-file=\"https:\/\/i0.wp.com\/oberschin.com\/wp-content\/uploads\/2014\/10\/DSC01543.jpg?fit=620%2C413&amp;ssl=1\" class=\"aligncenter wp-image-972\" src=\"https:\/\/i0.wp.com\/oberschin.com\/wp-content\/uploads\/2014\/10\/DSC01543.jpg?resize=620%2C413\" alt=\"SONY DSC\" width=\"620\" height=\"413\" srcset=\"https:\/\/i0.wp.com\/oberschin.com\/wp-content\/uploads\/2014\/10\/DSC01543.jpg?w=1000&amp;ssl=1 1000w, https:\/\/i0.wp.com\/oberschin.com\/wp-content\/uploads\/2014\/10\/DSC01543.jpg?resize=300%2C199&amp;ssl=1 300w, https:\/\/i0.wp.com\/oberschin.com\/wp-content\/uploads\/2014\/10\/DSC01543.jpg?resize=700%2C466&amp;ssl=1 700w\" sizes=\"auto, (max-width: 620px) 100vw, 620px\" \/><\/a><\/span><\/p>\n<p><span style=\"font-family: Courier;\">Der Schnitt ist aus diesem <a href=\"http:\/\/www.amazon.de\/Einfach-n%C3%A4hen-mit-Lotta-Kleinkinder\/dp\/342664701X\/ref=sr_1_2\" target=\"_blank\">Buch<\/a>\u00a0von Lotta Jansdotter. Die Buchstaben habe ich mit einem Stoffstift auf den Baumwollstoff gezeichnet (Achtung: auf der rechten Stoffseite zeichnen, sonst ist nacher alles spiegelverkehrt&#8230; wie ich nach dem ersten e bemerken musste). Dann habe ich\u00a0sie mit einer\u00a0Stickschere\u00a0ausgeschnitten und mit Stoffleim und Stecknadeln auf dem Frotteestoff fixiert&#8230; damit sie w\u00e4hrend dem Ann\u00e4hen nicht verrutschen.<\/span><\/p>\n<p><span style=\"font-family: Courier;\"><img data-recalc-dims=\"1\" loading=\"lazy\" decoding=\"async\" class=\"\" src=\"https:\/\/i0.wp.com\/oberschin.webs.com\/unterschrift.png?resize=91%2C39\" alt=\"\" width=\"91\" height=\"39\" \/><\/span><\/p>\n<p>&nbsp;<\/p>\n","protected":false},"excerpt":{"rendered":"<p>Ein neues Baby, ein neues Kapuzentuch&#8230;weil der grosse Bruder n\u00e4mlich auch schon eines hat, eines mit blau-weiss-getupftem Rand. F\u00fcrs M\u00e4dchen gibts nun rosa-rot: Der Schnitt ist aus diesem&#8230;<\/p>\n","protected":false},"author":1,"featured_media":971,"comment_status":"open","ping_status":"open","sticky":false,"template":"","format":"standard","meta":{"jetpack_post_was_ever_published":false,"_jetpack_newsletter_access":"","_jetpack_dont_email_post_to_subs":false,"_jetpack_newsletter_tier_id":0,"_jetpack_memberships_contains_paywalled_content":false,"_jetpack_memberships_contains_paid_content":false,"footnotes":"","jetpack_publicize_message":"","jetpack_publicize_feature_enabled":true,"jetpack_social_post_already_shared":false,"jetpack_social_options":{"image_generator_settings":{"template":"highway","default_image_id":0,"font":"","enabled":false},"version":2}},"categories":[3],"tags":[],"class_list":["post-970","post","type-post","status-publish","format-standard","has-post-thumbnail","hentry","category-kinderkram"],"jetpack_publicize_connections":[],"jetpack_featured_media_url":"https:\/\/i0.wp.com\/oberschin.com\/wp-content\/uploads\/2014\/10\/DSC01547.jpg?fit=1000%2C666&ssl=1","jetpack_sharing_enabled":true,"jetpack_shortlink":"https:\/\/wp.me\/p6KMDe-fE","jetpack-related-posts":[{"id":50,"url":"https:\/\/oberschin.com\/?p=50","url_meta":{"origin":970,"position":0},"title":"Neues zu Hause f\u00fcr meine W\u00e4scheklammern","author":"oberschin","date":"21. September 2010","format":false,"excerpt":"Dieser m\u00fchsame R\u00fcschli-Sack ging mir schon l\u00e4nger auf die Nerven. Da hab ich eines guten Abends in einem meiner Japanb\u00fccher zuf\u00e4llig ein Muster f\u00fcr ganz ganz einfaches Stofft\u00e4schchen gesesehen... Stoff ausgew\u00e4hlt (einer der hinten und vorne gleich aussah)... und ruckzuck hatten meine W\u00e4scheklammern ein neues zu Hause. Eines das nicht\u2026","rel":"","context":"In &quot;praktische f\u00fcr zuhause&quot;","block_context":{"text":"praktische f\u00fcr zuhause","link":"https:\/\/oberschin.com\/?cat=9"},"img":{"alt_text":"","src":"https:\/\/i0.wp.com\/oberschin.com\/wp-content\/uploads\/2010\/09\/collage_waescheklammern_neu.jpg?fit=870%2C612&ssl=1&resize=350%2C200","width":350,"height":200,"srcset":"https:\/\/i0.wp.com\/oberschin.com\/wp-content\/uploads\/2010\/09\/collage_waescheklammern_neu.jpg?fit=870%2C612&ssl=1&resize=350%2C200 1x, https:\/\/i0.wp.com\/oberschin.com\/wp-content\/uploads\/2010\/09\/collage_waescheklammern_neu.jpg?fit=870%2C612&ssl=1&resize=525%2C300 1.5x, https:\/\/i0.wp.com\/oberschin.com\/wp-content\/uploads\/2010\/09\/collage_waescheklammern_neu.jpg?fit=870%2C612&ssl=1&resize=700%2C400 2x"},"classes":[]},{"id":1012,"url":"https:\/\/oberschin.com\/?p=1012","url_meta":{"origin":970,"position":1},"title":"Sommerloch","author":"oberschin","date":"8. August 2012","format":false,"excerpt":"Ich habe schon l\u00e4nger nichts mehr von mir h\u00f6ren lassen. Zum einen weil wir ganz spontan umgezogen sind (oder besser, weil wir immer noch am umziehen sind) und zum anderen, weil ich keinen Laptop mehr habe. Der hat jemandem gefallen, der sich in unserem B\u00fcro rumgetrieben hat...und weg war er.\u2026","rel":"","context":"In &quot;kinderkleider&quot;","block_context":{"text":"kinderkleider","link":"https:\/\/oberschin.com\/?cat=1"},"img":{"alt_text":"unterschrift","src":"https:\/\/i0.wp.com\/oberschin.com\/wp-content\/uploads\/2014\/10\/unterschrift.png?resize=350%2C200","width":350,"height":200},"classes":[]},{"id":1315,"url":"https:\/\/oberschin.com\/?p=1315","url_meta":{"origin":970,"position":2},"title":"MMM #15 &#8211; mit Mamama&#8217;s Wolle","author":"oberschin","date":"6. Februar 2013","format":false,"excerpt":"Schon wieder was gestricktes zum \"Mach-Selber\"-Mittwoch... Mamama ist die Grossmama... also nicht meine, aber fast. Und die wollte mir ein Bolero stricken. Am liebsten mit der Nadelst\u00e4rke 5 und in einer nicht all zu dunklen Farbe. Ich habe mich f\u00fcr ein Merino-Alpaka-Gemisch entschieden. Die Wolle f\u00fchlt sich seeehr angenehm an!\u2026","rel":"","context":"In &quot;kleider f\u00fcr die frau&quot;","block_context":{"text":"kleider f\u00fcr die frau","link":"https:\/\/oberschin.com\/?cat=5"},"img":{"alt_text":"","src":"https:\/\/i0.wp.com\/oberschin.com\/wp-content\/uploads\/2014\/10\/4058930081_9bfdaab3c0_z.jpg?fit=640%2C640&ssl=1&resize=350%2C200","width":350,"height":200,"srcset":"https:\/\/i0.wp.com\/oberschin.com\/wp-content\/uploads\/2014\/10\/4058930081_9bfdaab3c0_z.jpg?fit=640%2C640&ssl=1&resize=350%2C200 1x, https:\/\/i0.wp.com\/oberschin.com\/wp-content\/uploads\/2014\/10\/4058930081_9bfdaab3c0_z.jpg?fit=640%2C640&ssl=1&resize=525%2C300 1.5x"},"classes":[]},{"id":41,"url":"https:\/\/oberschin.com\/?p=41","url_meta":{"origin":970,"position":3},"title":"Retro Hase","author":"oberschin","date":"16. September 2010","format":false,"excerpt":"Es gibt ein neues Hasen-\"Schmusetuch\" im Etsy Shop! Wie immer ist der Nuggi mit einem Druckknopf angeheftet, so dass man ihn gut abnehmen oder einfach durch den Lieblings-Nuggi ersetzen kann. Danke f\u00fcrs Vorbeischauen!","rel":"","context":"In &quot;kinderkram&quot;","block_context":{"text":"kinderkram","link":"https:\/\/oberschin.com\/?cat=3"},"img":{"alt_text":"","src":"https:\/\/i0.wp.com\/oberschin.com\/wp-content\/uploads\/2010\/09\/collage_nuschi-retro.jpg?fit=837%2C610&ssl=1&resize=350%2C200","width":350,"height":200,"srcset":"https:\/\/i0.wp.com\/oberschin.com\/wp-content\/uploads\/2010\/09\/collage_nuschi-retro.jpg?fit=837%2C610&ssl=1&resize=350%2C200 1x, https:\/\/i0.wp.com\/oberschin.com\/wp-content\/uploads\/2010\/09\/collage_nuschi-retro.jpg?fit=837%2C610&ssl=1&resize=525%2C300 1.5x, https:\/\/i0.wp.com\/oberschin.com\/wp-content\/uploads\/2010\/09\/collage_nuschi-retro.jpg?fit=837%2C610&ssl=1&resize=700%2C400 2x"},"classes":[]},{"id":559,"url":"https:\/\/oberschin.com\/?p=559","url_meta":{"origin":970,"position":4},"title":"Granny Squares","author":"oberschin","date":"15. Juli 2011","format":false,"excerpt":"Ich habe meine ersten Granny Squares geh\u00e4kelt... f\u00fcr ein Gemeinschaftsprojekt. \u00a0\u00a0 Veilchensch\u00f6n initierte \"Helfen mit Herz und H\u00e4nden\". Ein Projekt, bei dem alle die wollen einen oder mehrere 10x10 cm\u00a0 grossen Granny Squares h\u00e4kelt. Farbe egal, Muster egal... das einzige was vorgegeben wird, ist die Garnqualit\u00e4t. Und weil ich Gemeinschaftsprojekte\u2026","rel":"","context":"In &quot;praktische f\u00fcr zuhause&quot;","block_context":{"text":"praktische f\u00fcr zuhause","link":"https:\/\/oberschin.com\/?cat=9"},"img":{"alt_text":"","src":"https:\/\/i0.wp.com\/oberschin.com\/wp-content\/uploads\/2014\/10\/DSC05687_cropped.jpg?fit=830%2C529&ssl=1&resize=350%2C200","width":350,"height":200,"srcset":"https:\/\/i0.wp.com\/oberschin.com\/wp-content\/uploads\/2014\/10\/DSC05687_cropped.jpg?fit=830%2C529&ssl=1&resize=350%2C200 1x, https:\/\/i0.wp.com\/oberschin.com\/wp-content\/uploads\/2014\/10\/DSC05687_cropped.jpg?fit=830%2C529&ssl=1&resize=525%2C300 1.5x, https:\/\/i0.wp.com\/oberschin.com\/wp-content\/uploads\/2014\/10\/DSC05687_cropped.jpg?fit=830%2C529&ssl=1&resize=700%2C400 2x"},"classes":[]},{"id":343,"url":"https:\/\/oberschin.com\/?p=343","url_meta":{"origin":970,"position":5},"title":"Notfallbeutel","author":"oberschin","date":"28. Januar 2011","format":false,"excerpt":"Was Mama und Papa zu Weihnachten, zum Geburtstag und zu Ostern bekommen haben oder werden. Sozusagen ein \"Alles-in-Einem-Geschenk\". \u00a0 \u00a0\u00a0 Ich benutzte wieder Freezer Paper... wie immer, wenn ich Stoff beschrifte. Da der Jeans-Stoff relativ dunkel ist und das Rot nicht richtig deckend, griff ich nach 3 Schichten Farbe zu\u2026","rel":"","context":"In &quot;taschen, beutel und h\u00fcllen&quot;","block_context":{"text":"taschen, beutel und h\u00fcllen","link":"https:\/\/oberschin.com\/?cat=13"},"img":{"alt_text":"","src":"https:\/\/i0.wp.com\/oberschin.com\/wp-content\/uploads\/2014\/10\/DSC03521.jpg?fit=798%2C1200&ssl=1&resize=350%2C200","width":350,"height":200,"srcset":"https:\/\/i0.wp.com\/oberschin.com\/wp-content\/uploads\/2014\/10\/DSC03521.jpg?fit=798%2C1200&ssl=1&resize=350%2C200 1x, https:\/\/i0.wp.com\/oberschin.com\/wp-content\/uploads\/2014\/10\/DSC03521.jpg?fit=798%2C1200&ssl=1&resize=525%2C300 1.5x, https:\/\/i0.wp.com\/oberschin.com\/wp-content\/uploads\/2014\/10\/DSC03521.jpg?fit=798%2C1200&ssl=1&resize=700%2C400 2x"},"classes":[]}],"_links":{"self":[{"href":"https:\/\/oberschin.com\/index.php?rest_route=\/wp\/v2\/posts\/970","targetHints":{"allow":["GET"]}}],"collection":[{"href":"https:\/\/oberschin.com\/index.php?rest_route=\/wp\/v2\/posts"}],"about":[{"href":"https:\/\/oberschin.com\/index.php?rest_route=\/wp\/v2\/types\/post"}],"author":[{"embeddable":true,"href":"https:\/\/oberschin.com\/index.php?rest_route=\/wp\/v2\/users\/1"}],"replies":[{"embeddable":true,"href":"https:\/\/oberschin.com\/index.php?rest_route=%2Fwp%2Fv2%2Fcomments&post=970"}],"version-history":[{"count":1,"href":"https:\/\/oberschin.com\/index.php?rest_route=\/wp\/v2\/posts\/970\/revisions"}],"predecessor-version":[{"id":973,"href":"https:\/\/oberschin.com\/index.php?rest_route=\/wp\/v2\/posts\/970\/revisions\/973"}],"wp:featuredmedia":[{"embeddable":true,"href":"https:\/\/oberschin.com\/index.php?rest_route=\/wp\/v2\/media\/971"}],"wp:attachment":[{"href":"https:\/\/oberschin.com\/index.php?rest_route=%2Fwp%2Fv2%2Fmedia&parent=970"}],"wp:term":[{"taxonomy":"category","embeddable":true,"href":"https:\/\/oberschin.com\/index.php?rest_route=%2Fwp%2Fv2%2Fcategories&post=970"},{"taxonomy":"post_tag","embeddable":true,"href":"https:\/\/oberschin.com\/index.php?rest_route=%2Fwp%2Fv2%2Ftags&post=970"}],"curies":[{"name":"wp","href":"https:\/\/api.w.org\/{rel}","templated":true}]}}