{"id":3063,"date":"2017-04-18T18:15:49","date_gmt":"2017-04-18T16:15:49","guid":{"rendered":"http:\/\/oberschin.com\/?p=3063"},"modified":"2017-10-29T21:11:37","modified_gmt":"2017-10-29T20:11:37","slug":"ausmisten","status":"publish","type":"post","link":"https:\/\/oberschin.com\/?p=3063","title":{"rendered":"Ausmisten"},"content":{"rendered":"<p>Im Moment bin ich so gut es geht am Ausmisten, damit es die eine oder andere Kiste weniger braucht beim Z\u00fcgeln.<\/p>\n<p><!--more--><\/p>\n<p>In den letzten Tagen habe ich ein paar Sachen aus dem Kleiderschrank aussortiert. Das meiste geht nach Rum\u00e4nien oder Ecuador, aber dieses noch fast neue (quasi nie getragene) Poloshirt habe ich ruckzuck etwas verkleinert. Nun passt es dem mittleren meiner M\u00e4nner.<\/p>\n<p><img data-recalc-dims=\"1\" loading=\"lazy\" decoding=\"async\" data-attachment-id=\"3065\" data-permalink=\"https:\/\/oberschin.com\/?attachment_id=3065\" data-orig-file=\"https:\/\/i0.wp.com\/oberschin.com\/wp-content\/uploads\/2017\/04\/DSC00012.jpg?fit=1000%2C666&amp;ssl=1\" data-orig-size=\"1000,666\" data-comments-opened=\"1\" data-image-meta=\"{&quot;aperture&quot;:&quot;5&quot;,&quot;credit&quot;:&quot;&quot;,&quot;camera&quot;:&quot;DSLR-A350&quot;,&quot;caption&quot;:&quot;SONY DSC&quot;,&quot;created_timestamp&quot;:&quot;1475156791&quot;,&quot;copyright&quot;:&quot;&quot;,&quot;focal_length&quot;:&quot;45&quot;,&quot;iso&quot;:&quot;160&quot;,&quot;shutter_speed&quot;:&quot;0.0125&quot;,&quot;title&quot;:&quot;SONY DSC&quot;,&quot;orientation&quot;:&quot;1&quot;}\" data-image-title=\"\" data-image-description=\"\" data-image-caption=\"\" data-large-file=\"https:\/\/i0.wp.com\/oberschin.com\/wp-content\/uploads\/2017\/04\/DSC00012.jpg?fit=620%2C413&amp;ssl=1\" class=\"size-full wp-image-3065 aligncenter\" src=\"https:\/\/i0.wp.com\/oberschin.com\/wp-content\/uploads\/2017\/04\/DSC00012.jpg?resize=620%2C413\" alt=\"\" width=\"620\" height=\"413\" srcset=\"https:\/\/i0.wp.com\/oberschin.com\/wp-content\/uploads\/2017\/04\/DSC00012.jpg?w=1000&amp;ssl=1 1000w, https:\/\/i0.wp.com\/oberschin.com\/wp-content\/uploads\/2017\/04\/DSC00012.jpg?resize=300%2C200&amp;ssl=1 300w, https:\/\/i0.wp.com\/oberschin.com\/wp-content\/uploads\/2017\/04\/DSC00012.jpg?resize=768%2C511&amp;ssl=1 768w, https:\/\/i0.wp.com\/oberschin.com\/wp-content\/uploads\/2017\/04\/DSC00012.jpg?resize=973%2C648&amp;ssl=1 973w, https:\/\/i0.wp.com\/oberschin.com\/wp-content\/uploads\/2017\/04\/DSC00012.jpg?resize=508%2C338&amp;ssl=1 508w\" sizes=\"auto, (max-width: 620px) 100vw, 620px\" \/><\/p>\n<p><img data-recalc-dims=\"1\" loading=\"lazy\" decoding=\"async\" data-attachment-id=\"3064\" data-permalink=\"https:\/\/oberschin.com\/?attachment_id=3064\" data-orig-file=\"https:\/\/i0.wp.com\/oberschin.com\/wp-content\/uploads\/2017\/04\/DSC00010.jpg?fit=1000%2C1527&amp;ssl=1\" data-orig-size=\"1000,1527\" data-comments-opened=\"1\" data-image-meta=\"{&quot;aperture&quot;:&quot;5&quot;,&quot;credit&quot;:&quot;&quot;,&quot;camera&quot;:&quot;DSLR-A350&quot;,&quot;caption&quot;:&quot;SONY DSC&quot;,&quot;created_timestamp&quot;:&quot;1475156780&quot;,&quot;copyright&quot;:&quot;&quot;,&quot;focal_length&quot;:&quot;35&quot;,&quot;iso&quot;:&quot;100&quot;,&quot;shutter_speed&quot;:&quot;0.016666666666667&quot;,&quot;title&quot;:&quot;SONY DSC&quot;,&quot;orientation&quot;:&quot;1&quot;}\" data-image-title=\"\" data-image-description=\"\" data-image-caption=\"\" data-large-file=\"https:\/\/i0.wp.com\/oberschin.com\/wp-content\/uploads\/2017\/04\/DSC00010.jpg?fit=620%2C946&amp;ssl=1\" class=\"size-full wp-image-3064 aligncenter\" src=\"https:\/\/i0.wp.com\/oberschin.com\/wp-content\/uploads\/2017\/04\/DSC00010.jpg?resize=620%2C947\" alt=\"\" width=\"620\" height=\"947\" srcset=\"https:\/\/i0.wp.com\/oberschin.com\/wp-content\/uploads\/2017\/04\/DSC00010.jpg?w=1000&amp;ssl=1 1000w, https:\/\/i0.wp.com\/oberschin.com\/wp-content\/uploads\/2017\/04\/DSC00010.jpg?resize=196%2C300&amp;ssl=1 196w, https:\/\/i0.wp.com\/oberschin.com\/wp-content\/uploads\/2017\/04\/DSC00010.jpg?resize=768%2C1173&amp;ssl=1 768w, https:\/\/i0.wp.com\/oberschin.com\/wp-content\/uploads\/2017\/04\/DSC00010.jpg?resize=671%2C1024&amp;ssl=1 671w, https:\/\/i0.wp.com\/oberschin.com\/wp-content\/uploads\/2017\/04\/DSC00010.jpg?resize=973%2C1486&amp;ssl=1 973w, https:\/\/i0.wp.com\/oberschin.com\/wp-content\/uploads\/2017\/04\/DSC00010.jpg?resize=508%2C776&amp;ssl=1 508w\" sizes=\"auto, (max-width: 620px) 100vw, 620px\" \/><\/p>\n<p>Erstaunlich, wie wenig Stoff da \u00fcbrig blieb, bzw. wie wenig man wegschneiden muss. Ich habe auf beiden Seite bloss zirka 4-5 cm weggeschnitten, die \u00c4rmel frisch ausgeschnitten (so dass die B\u00fcndchen Original blieben) und den Saum etwas verk\u00fcrzt. Der Kragen ist etwas &#8222;m\u00e4chtig&#8220; f\u00fcr ein Kindershirt, aber ansonsten sitzt es perfekt.<\/p>\n<p><img data-recalc-dims=\"1\" loading=\"lazy\" decoding=\"async\" data-attachment-id=\"2549\" data-permalink=\"https:\/\/oberschin.com\/?attachment_id=2549\" data-orig-file=\"https:\/\/i0.wp.com\/oberschin.com\/wp-content\/uploads\/2016\/03\/Unterschrift_Hand2-e1457953556984.png?fit=100%2C95&amp;ssl=1\" data-orig-size=\"100,95\" data-comments-opened=\"1\" data-image-meta=\"{&quot;aperture&quot;:&quot;0&quot;,&quot;credit&quot;:&quot;&quot;,&quot;camera&quot;:&quot;&quot;,&quot;caption&quot;:&quot;&quot;,&quot;created_timestamp&quot;:&quot;0&quot;,&quot;copyright&quot;:&quot;&quot;,&quot;focal_length&quot;:&quot;0&quot;,&quot;iso&quot;:&quot;0&quot;,&quot;shutter_speed&quot;:&quot;0&quot;,&quot;title&quot;:&quot;&quot;,&quot;orientation&quot;:&quot;0&quot;}\" data-image-title=\"Unterschrift_Hand2\" data-image-description=\"\" data-image-caption=\"\" data-large-file=\"https:\/\/i0.wp.com\/oberschin.com\/wp-content\/uploads\/2016\/03\/Unterschrift_Hand2-e1457953556984.png?fit=100%2C95&amp;ssl=1\" class=\"alignleft size-full wp-image-2549\" src=\"https:\/\/i0.wp.com\/oberschin.com\/wp-content\/uploads\/2016\/03\/Unterschrift_Hand2-e1457953556984.png?resize=100%2C95\" alt=\"\" width=\"100\" height=\"95\" \/><\/p>\n","protected":false},"excerpt":{"rendered":"<p>Im Moment bin ich so gut es geht am Ausmisten, damit es die eine oder andere Kiste weniger braucht beim Z\u00fcgeln.<\/p>\n","protected":false},"author":1,"featured_media":3064,"comment_status":"open","ping_status":"open","sticky":false,"template":"","format":"standard","meta":{"_jetpack_newsletter_access":"","_jetpack_dont_email_post_to_subs":true,"_jetpack_newsletter_tier_id":0,"_jetpack_memberships_contains_paywalled_content":false,"_jetpack_feature_clip_id":0,"_jetpack_memberships_contains_paid_content":false,"footnotes":"","jetpack_publicize_message":"","jetpack_publicize_feature_enabled":true,"jetpack_social_post_already_shared":true,"jetpack_social_options":{"image_generator_settings":{"template":"highway","default_image_id":0,"font":"","enabled":false},"version":2},"jetpack_post_was_ever_published":false},"categories":[1],"tags":[],"class_list":["post-3063","post","type-post","status-publish","format-standard","has-post-thumbnail","hentry","category-kinderkleider"],"jetpack_publicize_connections":[],"jetpack_sharing_enabled":true,"jetpack_shortlink":"https:\/\/wp.me\/p6KMDe-Np","jetpack-related-posts":[{"id":1338,"url":"https:\/\/oberschin.com\/?p=1338","url_meta":{"origin":3063,"position":0},"title":"Jaka &#8211; Jakob oder James","author":"oberschin","date":"1. M\u00e4rz 2013","format":false,"excerpt":"Jaka ist ein Name, den ich noch nie geh\u00f6rt habe... anscheinend ist das slowenisch f\u00fcr Jakob oder James. Wobei Jakob in den USA im Moment der beliebteste Name f\u00fcr Jungs ist, gefolgt von Manson und William. Da ist Jaka definitiv sch\u00f6ner, oder? Wie dem auch sei, ich habe schon wieder\u2026","rel":"","context":"In &quot;kinderkram&quot;","block_context":{"text":"kinderkram","link":"https:\/\/oberschin.com\/?cat=3"},"img":{"alt_text":"","src":"https:\/\/i0.wp.com\/oberschin.com\/wp-content\/uploads\/2014\/10\/DSC03831.jpg?fit=1000%2C666&ssl=1&resize=350%2C200","width":350,"height":200,"srcset":"https:\/\/i0.wp.com\/oberschin.com\/wp-content\/uploads\/2014\/10\/DSC03831.jpg?fit=1000%2C666&ssl=1&resize=350%2C200 1x, https:\/\/i0.wp.com\/oberschin.com\/wp-content\/uploads\/2014\/10\/DSC03831.jpg?fit=1000%2C666&ssl=1&resize=525%2C300 1.5x, https:\/\/i0.wp.com\/oberschin.com\/wp-content\/uploads\/2014\/10\/DSC03831.jpg?fit=1000%2C666&ssl=1&resize=700%2C400 2x"},"classes":[]},{"id":2387,"url":"https:\/\/oberschin.com\/?p=2387","url_meta":{"origin":3063,"position":1},"title":"MMM #29 &#8211; mit meiner ersten Hose","author":"oberschin","date":"2. Dezember 2015","format":false,"excerpt":"Nach langem Z\u00f6gern, aber vor allem weil mir im Moment - Stillen sei dank - alle Hosen etwas zu locker sitzen, habe ich mich an meine erste Hose gewagt. Und ich bin ganz zufrieden mit dem Resultat. Schaut mal: Die sitzt definitiv nicht zu locker... vielleicht sogar eher zu eng?\u2026","rel":"","context":"In &quot;kleider f\u00fcr die frau&quot;","block_context":{"text":"kleider f\u00fcr die frau","link":"https:\/\/oberschin.com\/?cat=5"},"img":{"alt_text":"","src":"https:\/\/i0.wp.com\/oberschin.com\/wp-content\/uploads\/2015\/12\/DSC08657.jpg?fit=1000%2C666&ssl=1&resize=350%2C200","width":350,"height":200,"srcset":"https:\/\/i0.wp.com\/oberschin.com\/wp-content\/uploads\/2015\/12\/DSC08657.jpg?fit=1000%2C666&ssl=1&resize=350%2C200 1x, https:\/\/i0.wp.com\/oberschin.com\/wp-content\/uploads\/2015\/12\/DSC08657.jpg?fit=1000%2C666&ssl=1&resize=525%2C300 1.5x, https:\/\/i0.wp.com\/oberschin.com\/wp-content\/uploads\/2015\/12\/DSC08657.jpg?fit=1000%2C666&ssl=1&resize=700%2C400 2x"},"classes":[]},{"id":2589,"url":"https:\/\/oberschin.com\/?p=2589","url_meta":{"origin":3063,"position":2},"title":"\u00d6senpremiere","author":"oberschin","date":"30. April 2016","format":false,"excerpt":"\"\u00dcsvolna-W\u00e4ttel\" ist Wetter zum Rausgehen und dann muss man bequeme Hosen tragen und da liegt man mit einer Pumphose bestimmt richtig. Ich habe schon x Fridas gen\u00e4ht, aber nie die Version 2.0. Das hier ist also die Premiere sozusagen. Und dann ist diese Hose zugleich auch noch Premiere f\u00fcr \u00d6sen.\u2026","rel":"","context":"In &quot;kinderkleider&quot;","block_context":{"text":"kinderkleider","link":"https:\/\/oberschin.com\/?cat=1"},"img":{"alt_text":"","src":"https:\/\/i0.wp.com\/oberschin.com\/wp-content\/uploads\/2016\/04\/DSC09244.jpg?fit=798%2C1200&ssl=1&resize=350%2C200","width":350,"height":200,"srcset":"https:\/\/i0.wp.com\/oberschin.com\/wp-content\/uploads\/2016\/04\/DSC09244.jpg?fit=798%2C1200&ssl=1&resize=350%2C200 1x, https:\/\/i0.wp.com\/oberschin.com\/wp-content\/uploads\/2016\/04\/DSC09244.jpg?fit=798%2C1200&ssl=1&resize=525%2C300 1.5x, https:\/\/i0.wp.com\/oberschin.com\/wp-content\/uploads\/2016\/04\/DSC09244.jpg?fit=798%2C1200&ssl=1&resize=700%2C400 2x"},"classes":[]},{"id":2499,"url":"https:\/\/oberschin.com\/?p=2499","url_meta":{"origin":3063,"position":3},"title":"Eule, Drachen und Ritter &#8211; statt Str\u00e4flingsanzug","author":"oberschin","date":"11. Februar 2016","format":false,"excerpt":"Als man mich beim Liebsten Blog Award gefragt hat, ob ich appliziere, musste ich mit \"nein\" antworten. Dabei wurde ich allerdings wieder einmal daran erinnert, wie toll die Kleider mit Applikationen werden k\u00f6nnen. Kurz darauf lief mir bei Yva eine Eule \u00fcber den Weg. Und weil mein mittlerer Mann \"hUhus\"\u2026","rel":"","context":"In &quot;japanisch n\u00e4hen&quot;","block_context":{"text":"japanisch n\u00e4hen","link":"https:\/\/oberschin.com\/?cat=17"},"img":{"alt_text":"","src":"https:\/\/i0.wp.com\/oberschin.com\/wp-content\/uploads\/2016\/02\/DSC08912.jpg?fit=1000%2C666&ssl=1&resize=350%2C200","width":350,"height":200,"srcset":"https:\/\/i0.wp.com\/oberschin.com\/wp-content\/uploads\/2016\/02\/DSC08912.jpg?fit=1000%2C666&ssl=1&resize=350%2C200 1x, https:\/\/i0.wp.com\/oberschin.com\/wp-content\/uploads\/2016\/02\/DSC08912.jpg?fit=1000%2C666&ssl=1&resize=525%2C300 1.5x, https:\/\/i0.wp.com\/oberschin.com\/wp-content\/uploads\/2016\/02\/DSC08912.jpg?fit=1000%2C666&ssl=1&resize=700%2C400 2x"},"classes":[]},{"id":2771,"url":"https:\/\/oberschin.com\/?p=2771","url_meta":{"origin":3063,"position":4},"title":"Herbst-Jacken-Sew-Along 2014 &#8211; Fortsetzung","author":"oberschin","date":"9. September 2016","format":false,"excerpt":"Ich werde ein uraltes Projekt wiederbeleben. Ein UFO beenden. Eines der Projekte, die \u00fcber dem Stuhl h\u00e4ngen zu Ende f\u00fchren. Etwas Aufr\u00e4umen also quasi. Und zwar werde ich den Herbst-Jacken-Sew-Along 2014 reaktivieren und am Jacken-Sew Along 2016 teilnehmen. Jawohl. Mal wieder ein Sew Along. Die meide ich seit zwei Jahren.\u2026","rel":"","context":"In &quot;kleider f\u00fcr die frau&quot;","block_context":{"text":"kleider f\u00fcr die frau","link":"https:\/\/oberschin.com\/?cat=5"},"img":{"alt_text":"","src":"https:\/\/i0.wp.com\/oberschin.com\/wp-content\/uploads\/2016\/09\/DSC00003-2.jpg?fit=1000%2C666&ssl=1&resize=350%2C200","width":350,"height":200,"srcset":"https:\/\/i0.wp.com\/oberschin.com\/wp-content\/uploads\/2016\/09\/DSC00003-2.jpg?fit=1000%2C666&ssl=1&resize=350%2C200 1x, https:\/\/i0.wp.com\/oberschin.com\/wp-content\/uploads\/2016\/09\/DSC00003-2.jpg?fit=1000%2C666&ssl=1&resize=525%2C300 1.5x, https:\/\/i0.wp.com\/oberschin.com\/wp-content\/uploads\/2016\/09\/DSC00003-2.jpg?fit=1000%2C666&ssl=1&resize=700%2C400 2x"},"classes":[]},{"id":3073,"url":"https:\/\/oberschin.com\/?p=3073","url_meta":{"origin":3063,"position":5},"title":"MaThiLa","author":"oberschin","date":"7. Februar 2018","format":false,"excerpt":"Ich habe nur wenige nahe Bekannte, die dem gleichen Hobby fr\u00f6nen wie ich. Schade eigentlich. Aber ein Cousinchen z\u00e4hlt dazu. Die n\u00e4ht noch mehr als ich. Und sie hat kleine Kinder im \u00e4hnlichen Alter, wie die unsern. Das passt wunderbar. Gemeinsam Dinge unternehmen und sich austauschen, w\u00e4hrendem die Kinder spielen\u2026","rel":"","context":"In &quot;kinderkleider&quot;","block_context":{"text":"kinderkleider","link":"https:\/\/oberschin.com\/?cat=1"},"img":{"alt_text":"","src":"https:\/\/i0.wp.com\/oberschin.com\/wp-content\/uploads\/2017\/10\/DSC00008.jpg?fit=1000%2C666&ssl=1&resize=350%2C200","width":350,"height":200,"srcset":"https:\/\/i0.wp.com\/oberschin.com\/wp-content\/uploads\/2017\/10\/DSC00008.jpg?fit=1000%2C666&ssl=1&resize=350%2C200 1x, https:\/\/i0.wp.com\/oberschin.com\/wp-content\/uploads\/2017\/10\/DSC00008.jpg?fit=1000%2C666&ssl=1&resize=525%2C300 1.5x, https:\/\/i0.wp.com\/oberschin.com\/wp-content\/uploads\/2017\/10\/DSC00008.jpg?fit=1000%2C666&ssl=1&resize=700%2C400 2x"},"classes":[]}],"jetpack_featured_media_url":"https:\/\/i0.wp.com\/oberschin.com\/wp-content\/uploads\/2017\/04\/DSC00010.jpg?fit=1000%2C1527&ssl=1","_links":{"self":[{"href":"https:\/\/oberschin.com\/index.php?rest_route=\/wp\/v2\/posts\/3063","targetHints":{"allow":["GET"]}}],"collection":[{"href":"https:\/\/oberschin.com\/index.php?rest_route=\/wp\/v2\/posts"}],"about":[{"href":"https:\/\/oberschin.com\/index.php?rest_route=\/wp\/v2\/types\/post"}],"author":[{"embeddable":true,"href":"https:\/\/oberschin.com\/index.php?rest_route=\/wp\/v2\/users\/1"}],"replies":[{"embeddable":true,"href":"https:\/\/oberschin.com\/index.php?rest_route=%2Fwp%2Fv2%2Fcomments&post=3063"}],"version-history":[{"count":3,"href":"https:\/\/oberschin.com\/index.php?rest_route=\/wp\/v2\/posts\/3063\/revisions"}],"predecessor-version":[{"id":3167,"href":"https:\/\/oberschin.com\/index.php?rest_route=\/wp\/v2\/posts\/3063\/revisions\/3167"}],"wp:featuredmedia":[{"embeddable":true,"href":"https:\/\/oberschin.com\/index.php?rest_route=\/wp\/v2\/media\/3064"}],"wp:attachment":[{"href":"https:\/\/oberschin.com\/index.php?rest_route=%2Fwp%2Fv2%2Fmedia&parent=3063"}],"wp:term":[{"taxonomy":"category","embeddable":true,"href":"https:\/\/oberschin.com\/index.php?rest_route=%2Fwp%2Fv2%2Fcategories&post=3063"},{"taxonomy":"post_tag","embeddable":true,"href":"https:\/\/oberschin.com\/index.php?rest_route=%2Fwp%2Fv2%2Ftags&post=3063"}],"curies":[{"name":"wp","href":"https:\/\/api.w.org\/{rel}","templated":true}]}}