{"id":2716,"date":"2016-08-16T17:39:51","date_gmt":"2016-08-16T15:39:51","guid":{"rendered":"http:\/\/oberschin.com\/?p=2716"},"modified":"2016-08-17T10:31:44","modified_gmt":"2016-08-17T08:31:44","slug":"brillen-sonnenbrillen","status":"publish","type":"post","link":"https:\/\/oberschin.com\/?p=2716","title":{"rendered":"Brillen &#8211; Sonnenbrillen"},"content":{"rendered":"<p>Wieder ein St\u00fcck Stoff weniger im Stoffschrank.\u00a0Die (Sonnen)Brillen von Echino sind restlos aufgebraucht worden. Und entstanden ist dabei eine weitere kurze Hose f\u00fcr den mittleren Mann.<\/p>\n<p><!--more--><\/p>\n<p><img data-recalc-dims=\"1\" loading=\"lazy\" decoding=\"async\" data-attachment-id=\"2718\" data-permalink=\"https:\/\/oberschin.com\/?attachment_id=2718\" data-orig-file=\"https:\/\/i0.wp.com\/oberschin.com\/wp-content\/uploads\/2016\/08\/DSC00008.jpg?fit=1000%2C666&amp;ssl=1\" data-orig-size=\"1000,666\" data-comments-opened=\"1\" data-image-meta=\"{&quot;aperture&quot;:&quot;4.5&quot;,&quot;credit&quot;:&quot;&quot;,&quot;camera&quot;:&quot;DSLR-A350&quot;,&quot;caption&quot;:&quot;SONY DSC&quot;,&quot;created_timestamp&quot;:&quot;1468088806&quot;,&quot;copyright&quot;:&quot;&quot;,&quot;focal_length&quot;:&quot;105&quot;,&quot;iso&quot;:&quot;100&quot;,&quot;shutter_speed&quot;:&quot;0.005&quot;,&quot;title&quot;:&quot;SONY DSC&quot;,&quot;orientation&quot;:&quot;1&quot;}\" data-image-title=\"\" data-image-description=\"\" data-image-caption=\"\" data-large-file=\"https:\/\/i0.wp.com\/oberschin.com\/wp-content\/uploads\/2016\/08\/DSC00008.jpg?fit=620%2C413&amp;ssl=1\" class=\"aligncenter size-full wp-image-2718\" src=\"https:\/\/i0.wp.com\/oberschin.com\/wp-content\/uploads\/2016\/08\/DSC00008.jpg?resize=620%2C413\" alt=\"\" width=\"620\" height=\"413\" srcset=\"https:\/\/i0.wp.com\/oberschin.com\/wp-content\/uploads\/2016\/08\/DSC00008.jpg?w=1000&amp;ssl=1 1000w, https:\/\/i0.wp.com\/oberschin.com\/wp-content\/uploads\/2016\/08\/DSC00008.jpg?resize=300%2C200&amp;ssl=1 300w, https:\/\/i0.wp.com\/oberschin.com\/wp-content\/uploads\/2016\/08\/DSC00008.jpg?resize=768%2C511&amp;ssl=1 768w, https:\/\/i0.wp.com\/oberschin.com\/wp-content\/uploads\/2016\/08\/DSC00008.jpg?resize=973%2C648&amp;ssl=1 973w, https:\/\/i0.wp.com\/oberschin.com\/wp-content\/uploads\/2016\/08\/DSC00008.jpg?resize=508%2C338&amp;ssl=1 508w\" sizes=\"auto, (max-width: 620px) 100vw, 620px\" \/><\/p>\n<p>F\u00fcr einmal gibt es nicht Eisenstangen im Hintergrund. Die Fotos sind nicht auf unserem Balkon entstanden und endlich ist es mal sch\u00f6n gr\u00fcn im rundherum. Und das ist nicht etwa\u00a0das Gr\u00fcn von irgend einem Park oder Spielplatz. Nein, viel besser. Das ist das Gr\u00fcn vor dem Haus, in dem ich aufgewachsen bin.<\/p>\n<p><img data-recalc-dims=\"1\" loading=\"lazy\" decoding=\"async\" data-attachment-id=\"2721\" data-permalink=\"https:\/\/oberschin.com\/?attachment_id=2721\" data-orig-file=\"https:\/\/i0.wp.com\/oberschin.com\/wp-content\/uploads\/2016\/08\/DSC00024.jpg?fit=1000%2C666&amp;ssl=1\" data-orig-size=\"1000,666\" data-comments-opened=\"1\" data-image-meta=\"{&quot;aperture&quot;:&quot;3.2&quot;,&quot;credit&quot;:&quot;&quot;,&quot;camera&quot;:&quot;DSLR-A350&quot;,&quot;caption&quot;:&quot;SONY DSC&quot;,&quot;created_timestamp&quot;:&quot;1468089131&quot;,&quot;copyright&quot;:&quot;&quot;,&quot;focal_length&quot;:&quot;105&quot;,&quot;iso&quot;:&quot;100&quot;,&quot;shutter_speed&quot;:&quot;0.004&quot;,&quot;title&quot;:&quot;SONY DSC&quot;,&quot;orientation&quot;:&quot;1&quot;}\" data-image-title=\"\" data-image-description=\"\" data-image-caption=\"\" data-large-file=\"https:\/\/i0.wp.com\/oberschin.com\/wp-content\/uploads\/2016\/08\/DSC00024.jpg?fit=620%2C413&amp;ssl=1\" class=\"aligncenter size-full wp-image-2721\" src=\"https:\/\/i0.wp.com\/oberschin.com\/wp-content\/uploads\/2016\/08\/DSC00024.jpg?resize=620%2C413\" alt=\"\" width=\"620\" height=\"413\" srcset=\"https:\/\/i0.wp.com\/oberschin.com\/wp-content\/uploads\/2016\/08\/DSC00024.jpg?w=1000&amp;ssl=1 1000w, https:\/\/i0.wp.com\/oberschin.com\/wp-content\/uploads\/2016\/08\/DSC00024.jpg?resize=300%2C200&amp;ssl=1 300w, https:\/\/i0.wp.com\/oberschin.com\/wp-content\/uploads\/2016\/08\/DSC00024.jpg?resize=768%2C511&amp;ssl=1 768w, https:\/\/i0.wp.com\/oberschin.com\/wp-content\/uploads\/2016\/08\/DSC00024.jpg?resize=973%2C648&amp;ssl=1 973w, https:\/\/i0.wp.com\/oberschin.com\/wp-content\/uploads\/2016\/08\/DSC00024.jpg?resize=508%2C338&amp;ssl=1 508w\" sizes=\"auto, (max-width: 620px) 100vw, 620px\" \/><\/p>\n<p>Die Bilder sind bei unserem letzten Vetter- und Basen-Treffen entstanden.<\/p>\n<p><img data-recalc-dims=\"1\" loading=\"lazy\" decoding=\"async\" data-attachment-id=\"2717\" data-permalink=\"https:\/\/oberschin.com\/?attachment_id=2717\" data-orig-file=\"https:\/\/i0.wp.com\/oberschin.com\/wp-content\/uploads\/2016\/08\/DSC00005.jpg?fit=1000%2C1503&amp;ssl=1\" data-orig-size=\"1000,1503\" data-comments-opened=\"1\" data-image-meta=\"{&quot;aperture&quot;:&quot;3.2&quot;,&quot;credit&quot;:&quot;&quot;,&quot;camera&quot;:&quot;DSLR-A350&quot;,&quot;caption&quot;:&quot;SONY DSC&quot;,&quot;created_timestamp&quot;:&quot;1468088712&quot;,&quot;copyright&quot;:&quot;&quot;,&quot;focal_length&quot;:&quot;105&quot;,&quot;iso&quot;:&quot;100&quot;,&quot;shutter_speed&quot;:&quot;0.005&quot;,&quot;title&quot;:&quot;SONY DSC&quot;,&quot;orientation&quot;:&quot;1&quot;}\" data-image-title=\"\" data-image-description=\"\" data-image-caption=\"\" data-large-file=\"https:\/\/i0.wp.com\/oberschin.com\/wp-content\/uploads\/2016\/08\/DSC00005.jpg?fit=620%2C932&amp;ssl=1\" class=\"aligncenter size-full wp-image-2717\" src=\"https:\/\/i0.wp.com\/oberschin.com\/wp-content\/uploads\/2016\/08\/DSC00005.jpg?resize=620%2C932\" alt=\"\" width=\"620\" height=\"932\" srcset=\"https:\/\/i0.wp.com\/oberschin.com\/wp-content\/uploads\/2016\/08\/DSC00005.jpg?w=1000&amp;ssl=1 1000w, https:\/\/i0.wp.com\/oberschin.com\/wp-content\/uploads\/2016\/08\/DSC00005.jpg?resize=200%2C300&amp;ssl=1 200w, https:\/\/i0.wp.com\/oberschin.com\/wp-content\/uploads\/2016\/08\/DSC00005.jpg?resize=768%2C1154&amp;ssl=1 768w, https:\/\/i0.wp.com\/oberschin.com\/wp-content\/uploads\/2016\/08\/DSC00005.jpg?resize=681%2C1024&amp;ssl=1 681w, https:\/\/i0.wp.com\/oberschin.com\/wp-content\/uploads\/2016\/08\/DSC00005.jpg?resize=973%2C1462&amp;ssl=1 973w, https:\/\/i0.wp.com\/oberschin.com\/wp-content\/uploads\/2016\/08\/DSC00005.jpg?resize=508%2C764&amp;ssl=1 508w\" sizes=\"auto, (max-width: 620px) 100vw, 620px\" \/><\/p>\n<p><img data-recalc-dims=\"1\" loading=\"lazy\" decoding=\"async\" data-attachment-id=\"2719\" data-permalink=\"https:\/\/oberschin.com\/?attachment_id=2719\" data-orig-file=\"https:\/\/i0.wp.com\/oberschin.com\/wp-content\/uploads\/2016\/08\/DSC00013.jpg?fit=1000%2C1503&amp;ssl=1\" data-orig-size=\"1000,1503\" data-comments-opened=\"1\" data-image-meta=\"{&quot;aperture&quot;:&quot;3.5&quot;,&quot;credit&quot;:&quot;&quot;,&quot;camera&quot;:&quot;DSLR-A350&quot;,&quot;caption&quot;:&quot;SONY DSC&quot;,&quot;created_timestamp&quot;:&quot;1468088873&quot;,&quot;copyright&quot;:&quot;&quot;,&quot;focal_length&quot;:&quot;105&quot;,&quot;iso&quot;:&quot;100&quot;,&quot;shutter_speed&quot;:&quot;0.00625&quot;,&quot;title&quot;:&quot;SONY DSC&quot;,&quot;orientation&quot;:&quot;1&quot;}\" data-image-title=\"\" data-image-description=\"\" data-image-caption=\"\" data-large-file=\"https:\/\/i0.wp.com\/oberschin.com\/wp-content\/uploads\/2016\/08\/DSC00013.jpg?fit=620%2C932&amp;ssl=1\" class=\"aligncenter size-full wp-image-2719\" src=\"https:\/\/i0.wp.com\/oberschin.com\/wp-content\/uploads\/2016\/08\/DSC00013.jpg?resize=620%2C932\" alt=\"\" width=\"620\" height=\"932\" srcset=\"https:\/\/i0.wp.com\/oberschin.com\/wp-content\/uploads\/2016\/08\/DSC00013.jpg?w=1000&amp;ssl=1 1000w, https:\/\/i0.wp.com\/oberschin.com\/wp-content\/uploads\/2016\/08\/DSC00013.jpg?resize=200%2C300&amp;ssl=1 200w, https:\/\/i0.wp.com\/oberschin.com\/wp-content\/uploads\/2016\/08\/DSC00013.jpg?resize=768%2C1154&amp;ssl=1 768w, https:\/\/i0.wp.com\/oberschin.com\/wp-content\/uploads\/2016\/08\/DSC00013.jpg?resize=681%2C1024&amp;ssl=1 681w, https:\/\/i0.wp.com\/oberschin.com\/wp-content\/uploads\/2016\/08\/DSC00013.jpg?resize=973%2C1462&amp;ssl=1 973w, https:\/\/i0.wp.com\/oberschin.com\/wp-content\/uploads\/2016\/08\/DSC00013.jpg?resize=508%2C764&amp;ssl=1 508w\" sizes=\"auto, (max-width: 620px) 100vw, 620px\" \/><\/p>\n<p>Das senfgelb war etwas schwierig zu kombinieren. Der B\u00fcndchenstoff passt nicht 100% zum Beige der Brillen, aber es geht grad so knapp. Und weil die einzige Kordel, die passt diese schwarzgraue war, entschied ich mich f\u00fcr schwarze Steppn\u00e4hte.<\/p>\n<p><img data-recalc-dims=\"1\" loading=\"lazy\" decoding=\"async\" data-attachment-id=\"2720\" data-permalink=\"https:\/\/oberschin.com\/?attachment_id=2720\" data-orig-file=\"https:\/\/i0.wp.com\/oberschin.com\/wp-content\/uploads\/2016\/08\/DSC00018.jpg?fit=1000%2C1503&amp;ssl=1\" data-orig-size=\"1000,1503\" data-comments-opened=\"1\" data-image-meta=\"{&quot;aperture&quot;:&quot;3.2&quot;,&quot;credit&quot;:&quot;&quot;,&quot;camera&quot;:&quot;DSLR-A350&quot;,&quot;caption&quot;:&quot;SONY DSC&quot;,&quot;created_timestamp&quot;:&quot;1468089015&quot;,&quot;copyright&quot;:&quot;&quot;,&quot;focal_length&quot;:&quot;105&quot;,&quot;iso&quot;:&quot;100&quot;,&quot;shutter_speed&quot;:&quot;0.005&quot;,&quot;title&quot;:&quot;SONY DSC&quot;,&quot;orientation&quot;:&quot;1&quot;}\" data-image-title=\"\" data-image-description=\"\" data-image-caption=\"\" data-large-file=\"https:\/\/i0.wp.com\/oberschin.com\/wp-content\/uploads\/2016\/08\/DSC00018.jpg?fit=620%2C932&amp;ssl=1\" class=\"aligncenter size-full wp-image-2720\" src=\"https:\/\/i0.wp.com\/oberschin.com\/wp-content\/uploads\/2016\/08\/DSC00018.jpg?resize=620%2C932\" alt=\"\" width=\"620\" height=\"932\" srcset=\"https:\/\/i0.wp.com\/oberschin.com\/wp-content\/uploads\/2016\/08\/DSC00018.jpg?w=1000&amp;ssl=1 1000w, https:\/\/i0.wp.com\/oberschin.com\/wp-content\/uploads\/2016\/08\/DSC00018.jpg?resize=200%2C300&amp;ssl=1 200w, https:\/\/i0.wp.com\/oberschin.com\/wp-content\/uploads\/2016\/08\/DSC00018.jpg?resize=768%2C1154&amp;ssl=1 768w, https:\/\/i0.wp.com\/oberschin.com\/wp-content\/uploads\/2016\/08\/DSC00018.jpg?resize=681%2C1024&amp;ssl=1 681w, https:\/\/i0.wp.com\/oberschin.com\/wp-content\/uploads\/2016\/08\/DSC00018.jpg?resize=973%2C1462&amp;ssl=1 973w, https:\/\/i0.wp.com\/oberschin.com\/wp-content\/uploads\/2016\/08\/DSC00018.jpg?resize=508%2C764&amp;ssl=1 508w\" sizes=\"auto, (max-width: 620px) 100vw, 620px\" \/><\/p>\n<p>Einen sch\u00f6nen Rest der Woche w\u00fcnsche ich euch,<\/p>\n<p><img data-recalc-dims=\"1\" loading=\"lazy\" decoding=\"async\" data-attachment-id=\"2549\" data-permalink=\"https:\/\/oberschin.com\/?attachment_id=2549\" data-orig-file=\"https:\/\/i0.wp.com\/oberschin.com\/wp-content\/uploads\/2016\/03\/Unterschrift_Hand2-e1457953556984.png?fit=100%2C95&amp;ssl=1\" data-orig-size=\"100,95\" data-comments-opened=\"1\" data-image-meta=\"{&quot;aperture&quot;:&quot;0&quot;,&quot;credit&quot;:&quot;&quot;,&quot;camera&quot;:&quot;&quot;,&quot;caption&quot;:&quot;&quot;,&quot;created_timestamp&quot;:&quot;0&quot;,&quot;copyright&quot;:&quot;&quot;,&quot;focal_length&quot;:&quot;0&quot;,&quot;iso&quot;:&quot;0&quot;,&quot;shutter_speed&quot;:&quot;0&quot;,&quot;title&quot;:&quot;&quot;,&quot;orientation&quot;:&quot;0&quot;}\" data-image-title=\"Unterschrift_Hand2\" data-image-description=\"\" data-image-caption=\"\" data-large-file=\"https:\/\/i0.wp.com\/oberschin.com\/wp-content\/uploads\/2016\/03\/Unterschrift_Hand2-e1457953556984.png?fit=100%2C95&amp;ssl=1\" class=\"size-full wp-image-2549 alignleft\" src=\"https:\/\/i0.wp.com\/oberschin.com\/wp-content\/uploads\/2016\/03\/Unterschrift_Hand2-e1457953556984.png?resize=100%2C95\" alt=\"Unterschrift_Hand2\" width=\"100\" height=\"95\" \/><\/p>\n<p>&nbsp;<\/p>\n<p>&nbsp;<\/p>\n<p>&nbsp;<\/p>\n<p>Schnitt: Mix&amp;Moritz von Fabelwald<\/p>\n","protected":false},"excerpt":{"rendered":"<p>Wieder ein St\u00fcck Stoff weniger im Stoffschrank.\u00a0Die (Sonnen)Brillen von Echino sind restlos aufgebraucht worden. Und entstanden ist dabei eine weitere kurze Hose f\u00fcr den mittleren Mann.<\/p>\n","protected":false},"author":1,"featured_media":2721,"comment_status":"open","ping_status":"open","sticky":false,"template":"","format":"standard","meta":{"_jetpack_newsletter_access":"","_jetpack_dont_email_post_to_subs":false,"_jetpack_newsletter_tier_id":0,"_jetpack_memberships_contains_paywalled_content":false,"_jetpack_feature_clip_id":0,"_jetpack_memberships_contains_paid_content":false,"footnotes":"","jetpack_publicize_message":"","jetpack_publicize_feature_enabled":true,"jetpack_social_post_already_shared":true,"jetpack_social_options":{"image_generator_settings":{"template":"highway","default_image_id":0,"font":"","enabled":false},"version":2},"jetpack_post_was_ever_published":false},"categories":[1],"tags":[],"class_list":["post-2716","post","type-post","status-publish","format-standard","has-post-thumbnail","hentry","category-kinderkleider"],"jetpack_publicize_connections":[],"jetpack_sharing_enabled":true,"jetpack_shortlink":"https:\/\/wp.me\/p6KMDe-HO","jetpack-related-posts":[{"id":411,"url":"https:\/\/oberschin.com\/?p=411","url_meta":{"origin":2716,"position":0},"title":"Noch zwei Mini-Gretelie Kosmetikbeutel","author":"oberschin","date":"6. M\u00e4rz 2011","format":false,"excerpt":"Zwei neue Mini-Gretelis sind entstanden und auch schon in den Laden gewandert, wo sie mit beliebigen 3 Kosmetikprodukten gef\u00fcllt werden d\u00fcrfen. Eines ist gr\u00fcn blumig... \u00a0 ...das andere romantisch rosa Beide sind gut stabiliziert und haben Spitzchen dran. Ich mach bestimmt noch mehr davon, die sind wirklich toll. Perfekte Geschenke!\u2026","rel":"","context":"In &quot;naturkosmetik&quot;","block_context":{"text":"naturkosmetik","link":"https:\/\/oberschin.com\/?cat=8"},"img":{"alt_text":"","src":"https:\/\/i0.wp.com\/oberschin.com\/wp-content\/uploads\/2014\/10\/collage_rosagretelie.jpg?fit=388%2C273&ssl=1&resize=350%2C200","width":350,"height":200},"classes":[]},{"id":1378,"url":"https:\/\/oberschin.com\/?p=1378","url_meta":{"origin":2716,"position":1},"title":"Everybody&#8217;s darling","author":"oberschin","date":"13. April 2013","format":false,"excerpt":"\"Ich habe mich in deine braune Cordtasche verliebt\". Das war der Anfang einer netten Konversation per Mail. Nach einigen Tagen war die Frage nach den richtigen\u00a0Stoffen beantwortet und ich konnte die Kurzwaren beschaffen (was nicht ganz billig ist bei dieser Tasche).\u00a0Das Produkt das so quasi per Mail entstanden ist\u00a0und sich\u2026","rel":"","context":"In &quot;taschen, beutel und h\u00fcllen&quot;","block_context":{"text":"taschen, beutel und h\u00fcllen","link":"https:\/\/oberschin.com\/?cat=13"},"img":{"alt_text":"SONY DSC","src":"https:\/\/i0.wp.com\/oberschin.com\/wp-content\/uploads\/2014\/10\/DSC03967.jpg?resize=350%2C200","width":350,"height":200,"srcset":"https:\/\/i0.wp.com\/oberschin.com\/wp-content\/uploads\/2014\/10\/DSC03967.jpg?resize=350%2C200 1x, https:\/\/i0.wp.com\/oberschin.com\/wp-content\/uploads\/2014\/10\/DSC03967.jpg?resize=525%2C300 1.5x, https:\/\/i0.wp.com\/oberschin.com\/wp-content\/uploads\/2014\/10\/DSC03967.jpg?resize=700%2C400 2x"},"classes":[]},{"id":2832,"url":"https:\/\/oberschin.com\/?p=2832","url_meta":{"origin":2716,"position":2},"title":"Jeans im Partnerlook","author":"oberschin","date":"23. Oktober 2016","format":false,"excerpt":"Zeitgleich zu meiner Jeans habe ich im gleichen Stoff eine Jeans f\u00fcr den mittleren Mann gen\u00e4ht. Meine Jeans lag schon relativ lange zugeschnitten auf dem Tisch und ich habe mich gedr\u00fcckt, sie zusammenzun\u00e4hen. Irgendwie hatte ich Respekt davor, sie k\u00f6nnte nicht richtig sitzen und das finde ich schrecklich frustrierend. Da\u2026","rel":"","context":"In &quot;kinderkleider&quot;","block_context":{"text":"kinderkleider","link":"https:\/\/oberschin.com\/?cat=1"},"img":{"alt_text":"","src":"https:\/\/i0.wp.com\/oberschin.com\/wp-content\/uploads\/2016\/10\/DSC00070.jpg?fit=798%2C1200&ssl=1&resize=350%2C200","width":350,"height":200,"srcset":"https:\/\/i0.wp.com\/oberschin.com\/wp-content\/uploads\/2016\/10\/DSC00070.jpg?fit=798%2C1200&ssl=1&resize=350%2C200 1x, https:\/\/i0.wp.com\/oberschin.com\/wp-content\/uploads\/2016\/10\/DSC00070.jpg?fit=798%2C1200&ssl=1&resize=525%2C300 1.5x, https:\/\/i0.wp.com\/oberschin.com\/wp-content\/uploads\/2016\/10\/DSC00070.jpg?fit=798%2C1200&ssl=1&resize=700%2C400 2x"},"classes":[]},{"id":1469,"url":"https:\/\/oberschin.com\/?p=1469","url_meta":{"origin":2716,"position":3},"title":"Garten-Hanf-Seife","author":"oberschin","date":"21. September 2013","format":false,"excerpt":"Ich habe meinen Kosmetik-Rohmaterialen-Schrank aufger\u00e4umt und alle \u00d6lresten raussortiert. Und dabei ist nun meine allererste selbst erfunden Seife entstanden: eine G\u00e4rtner-Peelingseife mit Mohnsamen und Lorbeer. am Block, frisch aus der Form zerschnitten, am Trocknen Wie das Rezept entstanden ist: ich setzte mich mit all den \u00d6len und dem Buch von\u2026","rel":"","context":"In &quot;naturkosmetik&quot;","block_context":{"text":"naturkosmetik","link":"https:\/\/oberschin.com\/?cat=8"},"img":{"alt_text":"","src":"https:\/\/i0.wp.com\/oberschin.com\/wp-content\/uploads\/2014\/10\/DSC04611.jpg?fit=1000%2C666&ssl=1&resize=350%2C200","width":350,"height":200,"srcset":"https:\/\/i0.wp.com\/oberschin.com\/wp-content\/uploads\/2014\/10\/DSC04611.jpg?fit=1000%2C666&ssl=1&resize=350%2C200 1x, https:\/\/i0.wp.com\/oberschin.com\/wp-content\/uploads\/2014\/10\/DSC04611.jpg?fit=1000%2C666&ssl=1&resize=525%2C300 1.5x, https:\/\/i0.wp.com\/oberschin.com\/wp-content\/uploads\/2014\/10\/DSC04611.jpg?fit=1000%2C666&ssl=1&resize=700%2C400 2x"},"classes":[]},{"id":3073,"url":"https:\/\/oberschin.com\/?p=3073","url_meta":{"origin":2716,"position":4},"title":"MaThiLa","author":"oberschin","date":"7. Februar 2018","format":false,"excerpt":"Ich habe nur wenige nahe Bekannte, die dem gleichen Hobby fr\u00f6nen wie ich. Schade eigentlich. Aber ein Cousinchen z\u00e4hlt dazu. Die n\u00e4ht noch mehr als ich. Und sie hat kleine Kinder im \u00e4hnlichen Alter, wie die unsern. Das passt wunderbar. Gemeinsam Dinge unternehmen und sich austauschen, w\u00e4hrendem die Kinder spielen\u2026","rel":"","context":"In &quot;kinderkleider&quot;","block_context":{"text":"kinderkleider","link":"https:\/\/oberschin.com\/?cat=1"},"img":{"alt_text":"","src":"https:\/\/i0.wp.com\/oberschin.com\/wp-content\/uploads\/2017\/10\/DSC00008.jpg?fit=1000%2C666&ssl=1&resize=350%2C200","width":350,"height":200,"srcset":"https:\/\/i0.wp.com\/oberschin.com\/wp-content\/uploads\/2017\/10\/DSC00008.jpg?fit=1000%2C666&ssl=1&resize=350%2C200 1x, https:\/\/i0.wp.com\/oberschin.com\/wp-content\/uploads\/2017\/10\/DSC00008.jpg?fit=1000%2C666&ssl=1&resize=525%2C300 1.5x, https:\/\/i0.wp.com\/oberschin.com\/wp-content\/uploads\/2017\/10\/DSC00008.jpg?fit=1000%2C666&ssl=1&resize=700%2C400 2x"},"classes":[]},{"id":3202,"url":"https:\/\/oberschin.com\/?p=3202","url_meta":{"origin":2716,"position":5},"title":"Weihnachten naht&#8230;","author":"oberschin","date":"14. Dezember 2017","format":false,"excerpt":"... und vielleicht braucht ihr noch das eine oder andere Geschenk? Habt ihr bemerkt, dass es bei mir im Laden nicht bloss Dinge von oberschin gibt, sondern auch gestrickte B\u00e4ren und B\u00e4rennuschis aus dem B\u00e4rlishop? Nat\u00fcrlich sind einige meiner Produkte darum auch im B\u00e4rlishop zu finden. Und der hat, p\u00fcnktlich\u2026","rel":"","context":"In &quot;shop news&quot;","block_context":{"text":"shop news","link":"https:\/\/oberschin.com\/?cat=10"},"img":{"alt_text":"","src":"https:\/\/i0.wp.com\/oberschin.com\/wp-content\/uploads\/2017\/12\/baerlishop.jpg?fit=300%2C300&ssl=1&resize=350%2C200","width":350,"height":200},"classes":[]}],"jetpack_featured_media_url":"https:\/\/i0.wp.com\/oberschin.com\/wp-content\/uploads\/2016\/08\/DSC00024.jpg?fit=1000%2C666&ssl=1","_links":{"self":[{"href":"https:\/\/oberschin.com\/index.php?rest_route=\/wp\/v2\/posts\/2716","targetHints":{"allow":["GET"]}}],"collection":[{"href":"https:\/\/oberschin.com\/index.php?rest_route=\/wp\/v2\/posts"}],"about":[{"href":"https:\/\/oberschin.com\/index.php?rest_route=\/wp\/v2\/types\/post"}],"author":[{"embeddable":true,"href":"https:\/\/oberschin.com\/index.php?rest_route=\/wp\/v2\/users\/1"}],"replies":[{"embeddable":true,"href":"https:\/\/oberschin.com\/index.php?rest_route=%2Fwp%2Fv2%2Fcomments&post=2716"}],"version-history":[{"count":3,"href":"https:\/\/oberschin.com\/index.php?rest_route=\/wp\/v2\/posts\/2716\/revisions"}],"predecessor-version":[{"id":2732,"href":"https:\/\/oberschin.com\/index.php?rest_route=\/wp\/v2\/posts\/2716\/revisions\/2732"}],"wp:featuredmedia":[{"embeddable":true,"href":"https:\/\/oberschin.com\/index.php?rest_route=\/wp\/v2\/media\/2721"}],"wp:attachment":[{"href":"https:\/\/oberschin.com\/index.php?rest_route=%2Fwp%2Fv2%2Fmedia&parent=2716"}],"wp:term":[{"taxonomy":"category","embeddable":true,"href":"https:\/\/oberschin.com\/index.php?rest_route=%2Fwp%2Fv2%2Fcategories&post=2716"},{"taxonomy":"post_tag","embeddable":true,"href":"https:\/\/oberschin.com\/index.php?rest_route=%2Fwp%2Fv2%2Ftags&post=2716"}],"curies":[{"name":"wp","href":"https:\/\/api.w.org\/{rel}","templated":true}]}}