{"id":2478,"date":"2019-01-27T21:12:28","date_gmt":"2019-01-27T20:12:28","guid":{"rendered":"http:\/\/oberschin.com\/?p=2478"},"modified":"2019-01-27T21:12:35","modified_gmt":"2019-01-27T20:12:35","slug":"ringelrolli-im-partnerlook","status":"publish","type":"post","link":"https:\/\/oberschin.com\/?p=2478","title":{"rendered":"Ringelrolli im Partnerlook"},"content":{"rendered":"<p>Ich komme ganz gut voran mit dem Verbrauchen meiner Stoffvorr\u00e4te&#8230;<\/p>\n<p>Ganz tief unten im Schrank fand ich k\u00fcrzlich diesen getreiften Strickstoff. Daraus habe ich damals (vor bereits mehr als 5 Jahren) meinem gr\u00f6ssten aller M\u00e4nner einen <a href=\"http:\/\/oberschin.com\/?p=660\">Rolli<\/a> gen\u00e4ht&#8230; und der wird tats\u00e4chlich immer noch getragen. Seit kurzem auch im Partnerlook mit unserem Kleinsten.<\/p>\n<p><!--more--><\/p>\n<p>In einem meiner japanischen Schnittmuster-B\u00fcchern fand ich den passenden Schnitt f\u00fcr einen Kinder-Rolli.<\/p>\n<p><img data-recalc-dims=\"1\" loading=\"lazy\" decoding=\"async\" data-attachment-id=\"2489\" data-permalink=\"https:\/\/oberschin.com\/?attachment_id=2489\" data-orig-file=\"https:\/\/i0.wp.com\/oberschin.com\/wp-content\/uploads\/2016\/01\/DSC08756.jpg?fit=1000%2C1503&amp;ssl=1\" data-orig-size=\"1000,1503\" data-comments-opened=\"1\" data-image-meta=\"{&quot;aperture&quot;:&quot;5.6&quot;,&quot;credit&quot;:&quot;&quot;,&quot;camera&quot;:&quot;DSLR-A350&quot;,&quot;caption&quot;:&quot;SONY DSC&quot;,&quot;created_timestamp&quot;:&quot;1453301351&quot;,&quot;copyright&quot;:&quot;&quot;,&quot;focal_length&quot;:&quot;75&quot;,&quot;iso&quot;:&quot;400&quot;,&quot;shutter_speed&quot;:&quot;0.4&quot;,&quot;title&quot;:&quot;SONY DSC&quot;,&quot;orientation&quot;:&quot;1&quot;}\" data-image-title=\"\" data-image-description=\"\" data-image-caption=\"\" data-large-file=\"https:\/\/i0.wp.com\/oberschin.com\/wp-content\/uploads\/2016\/01\/DSC08756.jpg?fit=620%2C932&amp;ssl=1\" class=\"aligncenter size-full wp-image-2489\" src=\"https:\/\/i0.wp.com\/oberschin.com\/wp-content\/uploads\/2016\/01\/DSC08756.jpg?resize=620%2C932\" alt=\"\" width=\"620\" height=\"932\" srcset=\"https:\/\/i0.wp.com\/oberschin.com\/wp-content\/uploads\/2016\/01\/DSC08756.jpg?w=1000&amp;ssl=1 1000w, https:\/\/i0.wp.com\/oberschin.com\/wp-content\/uploads\/2016\/01\/DSC08756.jpg?resize=200%2C300&amp;ssl=1 200w, https:\/\/i0.wp.com\/oberschin.com\/wp-content\/uploads\/2016\/01\/DSC08756.jpg?resize=768%2C1154&amp;ssl=1 768w, https:\/\/i0.wp.com\/oberschin.com\/wp-content\/uploads\/2016\/01\/DSC08756.jpg?resize=681%2C1024&amp;ssl=1 681w, https:\/\/i0.wp.com\/oberschin.com\/wp-content\/uploads\/2016\/01\/DSC08756.jpg?resize=973%2C1462&amp;ssl=1 973w, https:\/\/i0.wp.com\/oberschin.com\/wp-content\/uploads\/2016\/01\/DSC08756.jpg?resize=508%2C764&amp;ssl=1 508w\" sizes=\"auto, (max-width: 620px) 100vw, 620px\" \/><\/p>\n<p><img data-recalc-dims=\"1\" loading=\"lazy\" decoding=\"async\" data-attachment-id=\"2490\" data-permalink=\"https:\/\/oberschin.com\/?attachment_id=2490\" data-orig-file=\"https:\/\/i0.wp.com\/oberschin.com\/wp-content\/uploads\/2016\/01\/DSC08754.jpg?fit=1000%2C666&amp;ssl=1\" data-orig-size=\"1000,666\" data-comments-opened=\"1\" data-image-meta=\"{&quot;aperture&quot;:&quot;5.6&quot;,&quot;credit&quot;:&quot;&quot;,&quot;camera&quot;:&quot;DSLR-A350&quot;,&quot;caption&quot;:&quot;SONY DSC&quot;,&quot;created_timestamp&quot;:&quot;1453301314&quot;,&quot;copyright&quot;:&quot;&quot;,&quot;focal_length&quot;:&quot;75&quot;,&quot;iso&quot;:&quot;400&quot;,&quot;shutter_speed&quot;:&quot;0.33333333333333&quot;,&quot;title&quot;:&quot;SONY DSC&quot;,&quot;orientation&quot;:&quot;1&quot;}\" data-image-title=\"\" data-image-description=\"\" data-image-caption=\"\" data-large-file=\"https:\/\/i0.wp.com\/oberschin.com\/wp-content\/uploads\/2016\/01\/DSC08754.jpg?fit=620%2C413&amp;ssl=1\" class=\"aligncenter size-full wp-image-2490\" src=\"https:\/\/i0.wp.com\/oberschin.com\/wp-content\/uploads\/2016\/01\/DSC08754.jpg?resize=620%2C413\" alt=\"\" width=\"620\" height=\"413\" srcset=\"https:\/\/i0.wp.com\/oberschin.com\/wp-content\/uploads\/2016\/01\/DSC08754.jpg?w=1000&amp;ssl=1 1000w, https:\/\/i0.wp.com\/oberschin.com\/wp-content\/uploads\/2016\/01\/DSC08754.jpg?resize=300%2C200&amp;ssl=1 300w, https:\/\/i0.wp.com\/oberschin.com\/wp-content\/uploads\/2016\/01\/DSC08754.jpg?resize=768%2C511&amp;ssl=1 768w, https:\/\/i0.wp.com\/oberschin.com\/wp-content\/uploads\/2016\/01\/DSC08754.jpg?resize=973%2C648&amp;ssl=1 973w, https:\/\/i0.wp.com\/oberschin.com\/wp-content\/uploads\/2016\/01\/DSC08754.jpg?resize=508%2C338&amp;ssl=1 508w\" sizes=\"auto, (max-width: 620px) 100vw, 620px\" \/><\/p>\n<p>Komisch finde ich die \u00c4rmel: die werden aus zwei Teilen gemacht und haben darum zus\u00e4tzlich zu der \u00fcblichen Naht unten auch noch eine Naht auf der \u00c4rmeloberseite. Wieso auch immer&#8230;<\/p>\n<p>In meinem Fall war das zwar noch praktisch, denn ich h\u00e4tte auf dem St\u00fcck Restenstoff keinen Platz gehabt f\u00fcr &#8222;normale&#8220; Raglan\u00e4rmel.<\/p>\n<p><img data-recalc-dims=\"1\" loading=\"lazy\" decoding=\"async\" data-attachment-id=\"2491\" data-permalink=\"https:\/\/oberschin.com\/?attachment_id=2491\" data-orig-file=\"https:\/\/i0.wp.com\/oberschin.com\/wp-content\/uploads\/2016\/01\/DSC08780.jpg?fit=1000%2C1503&amp;ssl=1\" data-orig-size=\"1000,1503\" data-comments-opened=\"1\" data-image-meta=\"{&quot;aperture&quot;:&quot;2.8&quot;,&quot;credit&quot;:&quot;&quot;,&quot;camera&quot;:&quot;DSLR-A350&quot;,&quot;caption&quot;:&quot;SONY DSC&quot;,&quot;created_timestamp&quot;:&quot;1453301554&quot;,&quot;copyright&quot;:&quot;&quot;,&quot;focal_length&quot;:&quot;105&quot;,&quot;iso&quot;:&quot;400&quot;,&quot;shutter_speed&quot;:&quot;0.066666666666667&quot;,&quot;title&quot;:&quot;SONY DSC&quot;,&quot;orientation&quot;:&quot;1&quot;}\" data-image-title=\"\" data-image-description=\"\" data-image-caption=\"\" data-large-file=\"https:\/\/i0.wp.com\/oberschin.com\/wp-content\/uploads\/2016\/01\/DSC08780.jpg?fit=620%2C932&amp;ssl=1\" class=\"aligncenter size-full wp-image-2491\" src=\"https:\/\/i0.wp.com\/oberschin.com\/wp-content\/uploads\/2016\/01\/DSC08780.jpg?resize=620%2C932\" alt=\"\" width=\"620\" height=\"932\" srcset=\"https:\/\/i0.wp.com\/oberschin.com\/wp-content\/uploads\/2016\/01\/DSC08780.jpg?w=1000&amp;ssl=1 1000w, https:\/\/i0.wp.com\/oberschin.com\/wp-content\/uploads\/2016\/01\/DSC08780.jpg?resize=200%2C300&amp;ssl=1 200w, https:\/\/i0.wp.com\/oberschin.com\/wp-content\/uploads\/2016\/01\/DSC08780.jpg?resize=768%2C1154&amp;ssl=1 768w, https:\/\/i0.wp.com\/oberschin.com\/wp-content\/uploads\/2016\/01\/DSC08780.jpg?resize=681%2C1024&amp;ssl=1 681w, https:\/\/i0.wp.com\/oberschin.com\/wp-content\/uploads\/2016\/01\/DSC08780.jpg?resize=973%2C1462&amp;ssl=1 973w, https:\/\/i0.wp.com\/oberschin.com\/wp-content\/uploads\/2016\/01\/DSC08780.jpg?resize=508%2C764&amp;ssl=1 508w\" sizes=\"auto, (max-width: 620px) 100vw, 620px\" \/><\/p>\n<p>Egal. Jetzt habe ich wieder mal zwei &#8222;gleiche&#8220; M\u00e4nner. Einen &#8222;Rolli Mann&#8220; und einen &#8222;Rolli Buben&#8220;.<\/p>\n<p>Bis zum n\u00e4chsten Mal (hoffentlich wieder etwas zeitnaher),<\/p>\n<p><img data-recalc-dims=\"1\" loading=\"lazy\" decoding=\"async\" data-attachment-id=\"2549\" data-permalink=\"https:\/\/oberschin.com\/?attachment_id=2549\" data-orig-file=\"https:\/\/i0.wp.com\/oberschin.com\/wp-content\/uploads\/2016\/03\/Unterschrift_Hand2-e1457953556984.png?fit=100%2C95&amp;ssl=1\" data-orig-size=\"100,95\" data-comments-opened=\"1\" data-image-meta=\"{&quot;aperture&quot;:&quot;0&quot;,&quot;credit&quot;:&quot;&quot;,&quot;camera&quot;:&quot;&quot;,&quot;caption&quot;:&quot;&quot;,&quot;created_timestamp&quot;:&quot;0&quot;,&quot;copyright&quot;:&quot;&quot;,&quot;focal_length&quot;:&quot;0&quot;,&quot;iso&quot;:&quot;0&quot;,&quot;shutter_speed&quot;:&quot;0&quot;,&quot;title&quot;:&quot;&quot;,&quot;orientation&quot;:&quot;0&quot;}\" data-image-title=\"Unterschrift_Hand2\" data-image-description=\"\" data-image-caption=\"\" data-large-file=\"https:\/\/i0.wp.com\/oberschin.com\/wp-content\/uploads\/2016\/03\/Unterschrift_Hand2-e1457953556984.png?fit=100%2C95&amp;ssl=1\" class=\"alignleft size-full wp-image-2549\" src=\"https:\/\/i0.wp.com\/oberschin.com\/wp-content\/uploads\/2016\/03\/Unterschrift_Hand2-e1457953556984.png?resize=100%2C95\" alt=\"Unterschrift_Hand2\" width=\"100\" height=\"95\" \/><\/p>\n","protected":false},"excerpt":{"rendered":"<p>Ich komme ganz gut voran mit dem Verbrauchen meiner Stoffvorr\u00e4te&#8230; Ganz tief unten im Schrank fand ich k\u00fcrzlich diesen getreiften Strickstoff. Daraus habe ich damals (vor bereits mehr&#8230;<\/p>\n","protected":false},"author":1,"featured_media":2490,"comment_status":"open","ping_status":"open","sticky":false,"template":"","format":"standard","meta":{"_jetpack_newsletter_access":"","_jetpack_dont_email_post_to_subs":false,"_jetpack_newsletter_tier_id":0,"_jetpack_memberships_contains_paywalled_content":false,"_jetpack_feature_clip_id":0,"_jetpack_memberships_contains_paid_content":false,"footnotes":"","jetpack_publicize_message":"","jetpack_publicize_feature_enabled":true,"jetpack_social_post_already_shared":true,"jetpack_social_options":{"image_generator_settings":{"template":"highway","default_image_id":0,"font":"","enabled":false},"version":2},"jetpack_post_was_ever_published":false},"categories":[17,1],"tags":[],"class_list":["post-2478","post","type-post","status-publish","format-standard","has-post-thumbnail","hentry","category-japanisch-naehen","category-kinderkleider"],"jetpack_publicize_connections":[],"jetpack_sharing_enabled":true,"jetpack_shortlink":"https:\/\/wp.me\/p6KMDe-DY","jetpack-related-posts":[{"id":2556,"url":"https:\/\/oberschin.com\/?p=2556","url_meta":{"origin":2478,"position":0},"title":"Cord-Frida &#8211; zum Partnerlook","author":"oberschin","date":"23. April 2016","format":false,"excerpt":"Die Resten der letzte Hose sollten doch reichen, dem kleinsten meiner M\u00e4nner eine Pumphose zu n\u00e4hen. Dachte ich. Nun ja. Wenn ich direkt richtig zugeschnitten h\u00e4tte, dann h\u00e4tte es wohl grad knapp gereicht. F\u00fcr ein Bein zumindest. Aber wahrscheinlich war meine Konzentration abends um 23 Uhr doch nicht mehr das,\u2026","rel":"","context":"In &quot;kinderkleider&quot;","block_context":{"text":"kinderkleider","link":"https:\/\/oberschin.com\/?cat=1"},"img":{"alt_text":"","src":"https:\/\/i0.wp.com\/oberschin.com\/wp-content\/uploads\/2016\/04\/DSC09084.jpg?fit=1000%2C666&ssl=1&resize=350%2C200","width":350,"height":200,"srcset":"https:\/\/i0.wp.com\/oberschin.com\/wp-content\/uploads\/2016\/04\/DSC09084.jpg?fit=1000%2C666&ssl=1&resize=350%2C200 1x, https:\/\/i0.wp.com\/oberschin.com\/wp-content\/uploads\/2016\/04\/DSC09084.jpg?fit=1000%2C666&ssl=1&resize=525%2C300 1.5x, https:\/\/i0.wp.com\/oberschin.com\/wp-content\/uploads\/2016\/04\/DSC09084.jpg?fit=1000%2C666&ssl=1&resize=700%2C400 2x"},"classes":[]},{"id":2832,"url":"https:\/\/oberschin.com\/?p=2832","url_meta":{"origin":2478,"position":1},"title":"Jeans im Partnerlook","author":"oberschin","date":"23. Oktober 2016","format":false,"excerpt":"Zeitgleich zu meiner Jeans habe ich im gleichen Stoff eine Jeans f\u00fcr den mittleren Mann gen\u00e4ht. Meine Jeans lag schon relativ lange zugeschnitten auf dem Tisch und ich habe mich gedr\u00fcckt, sie zusammenzun\u00e4hen. Irgendwie hatte ich Respekt davor, sie k\u00f6nnte nicht richtig sitzen und das finde ich schrecklich frustrierend. Da\u2026","rel":"","context":"In &quot;kinderkleider&quot;","block_context":{"text":"kinderkleider","link":"https:\/\/oberschin.com\/?cat=1"},"img":{"alt_text":"","src":"https:\/\/i0.wp.com\/oberschin.com\/wp-content\/uploads\/2016\/10\/DSC00070.jpg?fit=798%2C1200&ssl=1&resize=350%2C200","width":350,"height":200,"srcset":"https:\/\/i0.wp.com\/oberschin.com\/wp-content\/uploads\/2016\/10\/DSC00070.jpg?fit=798%2C1200&ssl=1&resize=350%2C200 1x, https:\/\/i0.wp.com\/oberschin.com\/wp-content\/uploads\/2016\/10\/DSC00070.jpg?fit=798%2C1200&ssl=1&resize=525%2C300 1.5x, https:\/\/i0.wp.com\/oberschin.com\/wp-content\/uploads\/2016\/10\/DSC00070.jpg?fit=798%2C1200&ssl=1&resize=700%2C400 2x"},"classes":[]},{"id":3009,"url":"https:\/\/oberschin.com\/?p=3009","url_meta":{"origin":2478,"position":2},"title":"Ich bin wieder da&#8230; mit Monstern","author":"oberschin","date":"2. M\u00e4rz 2017","format":false,"excerpt":"Jetzt war es hier grad ziemlich lange ruhig. Bitte entschuldigt. Aber wahrscheinlich wird es in n\u00e4chster Zeit auch weiterhin eher etwas ruhig bleiben hier. Weil eben grad allerlei passiert im Leben. Nichts Schlechtes. Nein. Nur Gutes eigentlich. Aber ganz viel aufs Mal. :) Aber dazu dann sp\u00e4ter mehr. Jetzt m\u00f6chte\u2026","rel":"","context":"In &quot;japanisch n\u00e4hen&quot;","block_context":{"text":"japanisch n\u00e4hen","link":"https:\/\/oberschin.com\/?cat=17"},"img":{"alt_text":"","src":"https:\/\/i0.wp.com\/oberschin.com\/wp-content\/uploads\/2017\/03\/DSC00041.jpg?fit=799%2C1200&ssl=1&resize=350%2C200","width":350,"height":200,"srcset":"https:\/\/i0.wp.com\/oberschin.com\/wp-content\/uploads\/2017\/03\/DSC00041.jpg?fit=799%2C1200&ssl=1&resize=350%2C200 1x, https:\/\/i0.wp.com\/oberschin.com\/wp-content\/uploads\/2017\/03\/DSC00041.jpg?fit=799%2C1200&ssl=1&resize=525%2C300 1.5x, https:\/\/i0.wp.com\/oberschin.com\/wp-content\/uploads\/2017\/03\/DSC00041.jpg?fit=799%2C1200&ssl=1&resize=700%2C400 2x"},"classes":[]},{"id":430,"url":"https:\/\/oberschin.com\/?p=430","url_meta":{"origin":2478,"position":3},"title":"Brauner Rollkragenpulli","author":"oberschin","date":"16. M\u00e4rz 2011","format":false,"excerpt":"Weil der erste Rolli gern getragen wird, n\u00e4hte ich in Windeseile noch einen zweiten: einen aus kuschligem dunkelbraunem Stickstoff. Damit es die Naht nicht allzusehr wellt, habe ich bei allen N\u00e4hten, welche senkrecht auf den Fadenlauf verlaufen, Avalon-Folie zur Hilfe genommen. Das ist eine wasserl\u00f6sliche Folie, welche sonst eigentlich zum\u2026","rel":"","context":"In &quot;anleitungen&quot;","block_context":{"text":"anleitungen","link":"https:\/\/oberschin.com\/?cat=2"},"img":{"alt_text":"","src":"https:\/\/i0.wp.com\/oberschin.com\/wp-content\/uploads\/2014\/10\/collage_rolli_braun.jpg?fit=1122%2C764&ssl=1&resize=350%2C200","width":350,"height":200,"srcset":"https:\/\/i0.wp.com\/oberschin.com\/wp-content\/uploads\/2014\/10\/collage_rolli_braun.jpg?fit=1122%2C764&ssl=1&resize=350%2C200 1x, https:\/\/i0.wp.com\/oberschin.com\/wp-content\/uploads\/2014\/10\/collage_rolli_braun.jpg?fit=1122%2C764&ssl=1&resize=525%2C300 1.5x, https:\/\/i0.wp.com\/oberschin.com\/wp-content\/uploads\/2014\/10\/collage_rolli_braun.jpg?fit=1122%2C764&ssl=1&resize=700%2C400 2x, https:\/\/i0.wp.com\/oberschin.com\/wp-content\/uploads\/2014\/10\/collage_rolli_braun.jpg?fit=1122%2C764&ssl=1&resize=1050%2C600 3x"},"classes":[]},{"id":824,"url":"https:\/\/oberschin.com\/?p=824","url_meta":{"origin":2478,"position":4},"title":"FFMO #1 &#8211; Friday for men only","author":"oberschin","date":"9. Dezember 2011","format":false,"excerpt":"Neben dem MMM (Me Made Mittwoch) gibts nun auch noch den FFMO (Friday for Men Only). Ich habe hier\u00a0ja schon einige M\u00e4nnershirts gezeigt und insgeheim n\u00e4he ich fast lieber f\u00fcr meinen Mann als f\u00fcr mich selber. Die geraden Schnitte sind irgendwie unkomplizierter. Da kommt es selten vor, dass etwas mal\u2026","rel":"","context":"In &quot;japanisch n\u00e4hen&quot;","block_context":{"text":"japanisch n\u00e4hen","link":"https:\/\/oberschin.com\/?cat=17"},"img":{"alt_text":"","src":"https:\/\/i0.wp.com\/oberschin.com\/wp-content\/uploads\/2014\/10\/DSC08092.jpg?fit=1000%2C666&ssl=1&resize=350%2C200","width":350,"height":200,"srcset":"https:\/\/i0.wp.com\/oberschin.com\/wp-content\/uploads\/2014\/10\/DSC08092.jpg?fit=1000%2C666&ssl=1&resize=350%2C200 1x, https:\/\/i0.wp.com\/oberschin.com\/wp-content\/uploads\/2014\/10\/DSC08092.jpg?fit=1000%2C666&ssl=1&resize=525%2C300 1.5x, https:\/\/i0.wp.com\/oberschin.com\/wp-content\/uploads\/2014\/10\/DSC08092.jpg?fit=1000%2C666&ssl=1&resize=700%2C400 2x"},"classes":[]},{"id":2387,"url":"https:\/\/oberschin.com\/?p=2387","url_meta":{"origin":2478,"position":5},"title":"MMM #29 &#8211; mit meiner ersten Hose","author":"oberschin","date":"2. Dezember 2015","format":false,"excerpt":"Nach langem Z\u00f6gern, aber vor allem weil mir im Moment - Stillen sei dank - alle Hosen etwas zu locker sitzen, habe ich mich an meine erste Hose gewagt. Und ich bin ganz zufrieden mit dem Resultat. Schaut mal: Die sitzt definitiv nicht zu locker... vielleicht sogar eher zu eng?\u2026","rel":"","context":"In &quot;kleider f\u00fcr die frau&quot;","block_context":{"text":"kleider f\u00fcr die frau","link":"https:\/\/oberschin.com\/?cat=5"},"img":{"alt_text":"","src":"https:\/\/i0.wp.com\/oberschin.com\/wp-content\/uploads\/2015\/12\/DSC08657.jpg?fit=1000%2C666&ssl=1&resize=350%2C200","width":350,"height":200,"srcset":"https:\/\/i0.wp.com\/oberschin.com\/wp-content\/uploads\/2015\/12\/DSC08657.jpg?fit=1000%2C666&ssl=1&resize=350%2C200 1x, https:\/\/i0.wp.com\/oberschin.com\/wp-content\/uploads\/2015\/12\/DSC08657.jpg?fit=1000%2C666&ssl=1&resize=525%2C300 1.5x, https:\/\/i0.wp.com\/oberschin.com\/wp-content\/uploads\/2015\/12\/DSC08657.jpg?fit=1000%2C666&ssl=1&resize=700%2C400 2x"},"classes":[]}],"jetpack_featured_media_url":"https:\/\/i0.wp.com\/oberschin.com\/wp-content\/uploads\/2016\/01\/DSC08754.jpg?fit=1000%2C666&ssl=1","_links":{"self":[{"href":"https:\/\/oberschin.com\/index.php?rest_route=\/wp\/v2\/posts\/2478","targetHints":{"allow":["GET"]}}],"collection":[{"href":"https:\/\/oberschin.com\/index.php?rest_route=\/wp\/v2\/posts"}],"about":[{"href":"https:\/\/oberschin.com\/index.php?rest_route=\/wp\/v2\/types\/post"}],"author":[{"embeddable":true,"href":"https:\/\/oberschin.com\/index.php?rest_route=\/wp\/v2\/users\/1"}],"replies":[{"embeddable":true,"href":"https:\/\/oberschin.com\/index.php?rest_route=%2Fwp%2Fv2%2Fcomments&post=2478"}],"version-history":[{"count":5,"href":"https:\/\/oberschin.com\/index.php?rest_route=\/wp\/v2\/posts\/2478\/revisions"}],"predecessor-version":[{"id":3307,"href":"https:\/\/oberschin.com\/index.php?rest_route=\/wp\/v2\/posts\/2478\/revisions\/3307"}],"wp:featuredmedia":[{"embeddable":true,"href":"https:\/\/oberschin.com\/index.php?rest_route=\/wp\/v2\/media\/2490"}],"wp:attachment":[{"href":"https:\/\/oberschin.com\/index.php?rest_route=%2Fwp%2Fv2%2Fmedia&parent=2478"}],"wp:term":[{"taxonomy":"category","embeddable":true,"href":"https:\/\/oberschin.com\/index.php?rest_route=%2Fwp%2Fv2%2Fcategories&post=2478"},{"taxonomy":"post_tag","embeddable":true,"href":"https:\/\/oberschin.com\/index.php?rest_route=%2Fwp%2Fv2%2Ftags&post=2478"}],"curies":[{"name":"wp","href":"https:\/\/api.w.org\/{rel}","templated":true}]}}