{"id":1426,"date":"2013-08-21T16:25:58","date_gmt":"2013-08-21T14:25:58","guid":{"rendered":"http:\/\/oberschin.com\/?p=1426"},"modified":"2014-10-29T16:27:56","modified_gmt":"2014-10-29T14:27:56","slug":"filzgepolstert","status":"publish","type":"post","link":"https:\/\/oberschin.com\/?p=1426","title":{"rendered":"filzgepolstert"},"content":{"rendered":"<div class=\"blogEntryContent\">\n<p><span style=\"font-family: Courier;\">Papa&#8217;s &#8222;Tablet&#8220; soll nicht mehr in einem alten gepolsterten Briefumschlag\u00a0herumreisen, sondern in einer richtigen H\u00fclle.<\/span><\/p>\n<p align=\"center\"><a href=\"https:\/\/i0.wp.com\/oberschin.com\/wp-content\/uploads\/2014\/10\/DSC04510.jpg\"><img data-recalc-dims=\"1\" loading=\"lazy\" decoding=\"async\" data-attachment-id=\"1427\" data-permalink=\"https:\/\/oberschin.com\/?attachment_id=1427\" data-orig-file=\"https:\/\/i0.wp.com\/oberschin.com\/wp-content\/uploads\/2014\/10\/DSC04510.jpg?fit=1000%2C666&amp;ssl=1\" data-orig-size=\"1000,666\" data-comments-opened=\"1\" data-image-meta=\"{&quot;aperture&quot;:&quot;2.8&quot;,&quot;credit&quot;:&quot;&quot;,&quot;camera&quot;:&quot;DSLR-A350&quot;,&quot;caption&quot;:&quot;&quot;,&quot;created_timestamp&quot;:&quot;1376675190&quot;,&quot;copyright&quot;:&quot;&quot;,&quot;focal_length&quot;:&quot;105&quot;,&quot;iso&quot;:&quot;400&quot;,&quot;shutter_speed&quot;:&quot;0.1&quot;,&quot;title&quot;:&quot;SONY DSC&quot;,&quot;orientation&quot;:&quot;1&quot;}\" data-image-title=\"SONY DSC\" data-image-description=\"\" data-image-caption=\"\" data-large-file=\"https:\/\/i0.wp.com\/oberschin.com\/wp-content\/uploads\/2014\/10\/DSC04510.jpg?fit=620%2C413&amp;ssl=1\" class=\"aligncenter wp-image-1427\" src=\"https:\/\/i0.wp.com\/oberschin.com\/wp-content\/uploads\/2014\/10\/DSC04510.jpg?resize=620%2C413\" alt=\"SONY DSC\" width=\"620\" height=\"413\" srcset=\"https:\/\/i0.wp.com\/oberschin.com\/wp-content\/uploads\/2014\/10\/DSC04510.jpg?w=1000&amp;ssl=1 1000w, https:\/\/i0.wp.com\/oberschin.com\/wp-content\/uploads\/2014\/10\/DSC04510.jpg?resize=300%2C199&amp;ssl=1 300w, https:\/\/i0.wp.com\/oberschin.com\/wp-content\/uploads\/2014\/10\/DSC04510.jpg?resize=700%2C466&amp;ssl=1 700w\" sizes=\"auto, (max-width: 620px) 100vw, 620px\" \/><\/a><\/p>\n<p align=\"center\"><a href=\"https:\/\/i0.wp.com\/oberschin.com\/wp-content\/uploads\/2014\/10\/DSC04511.jpg\"><img data-recalc-dims=\"1\" loading=\"lazy\" decoding=\"async\" data-attachment-id=\"1428\" data-permalink=\"https:\/\/oberschin.com\/?attachment_id=1428\" data-orig-file=\"https:\/\/i0.wp.com\/oberschin.com\/wp-content\/uploads\/2014\/10\/DSC04511.jpg?fit=1000%2C666&amp;ssl=1\" data-orig-size=\"1000,666\" data-comments-opened=\"1\" data-image-meta=\"{&quot;aperture&quot;:&quot;2.8&quot;,&quot;credit&quot;:&quot;&quot;,&quot;camera&quot;:&quot;DSLR-A350&quot;,&quot;caption&quot;:&quot;&quot;,&quot;created_timestamp&quot;:&quot;1376675200&quot;,&quot;copyright&quot;:&quot;&quot;,&quot;focal_length&quot;:&quot;105&quot;,&quot;iso&quot;:&quot;400&quot;,&quot;shutter_speed&quot;:&quot;0.076923076923077&quot;,&quot;title&quot;:&quot;SONY DSC&quot;,&quot;orientation&quot;:&quot;1&quot;}\" data-image-title=\"SONY DSC\" data-image-description=\"\" data-image-caption=\"\" data-large-file=\"https:\/\/i0.wp.com\/oberschin.com\/wp-content\/uploads\/2014\/10\/DSC04511.jpg?fit=620%2C413&amp;ssl=1\" class=\"aligncenter wp-image-1428\" src=\"https:\/\/i0.wp.com\/oberschin.com\/wp-content\/uploads\/2014\/10\/DSC04511.jpg?resize=620%2C413\" alt=\"SONY DSC\" width=\"620\" height=\"413\" srcset=\"https:\/\/i0.wp.com\/oberschin.com\/wp-content\/uploads\/2014\/10\/DSC04511.jpg?w=1000&amp;ssl=1 1000w, https:\/\/i0.wp.com\/oberschin.com\/wp-content\/uploads\/2014\/10\/DSC04511.jpg?resize=300%2C199&amp;ssl=1 300w, https:\/\/i0.wp.com\/oberschin.com\/wp-content\/uploads\/2014\/10\/DSC04511.jpg?resize=700%2C466&amp;ssl=1 700w\" sizes=\"auto, (max-width: 620px) 100vw, 620px\" \/><\/a><\/p>\n<p align=\"center\">\n<p><span style=\"font-family: Courier;\">Leider gab es in meinem Stoffschrank nur gelb und lila Filz zur Auswahl und da mir lila etwas schmutzresistenter schien, ist die H\u00fclle von den Farben her jetzt eher was f\u00fcr Mama als f\u00fcr Papa. Aber zweckm\u00e4ssig ist sie auf jeden Fall.<\/span><\/p>\n<p align=\"center\"><a href=\"https:\/\/i0.wp.com\/oberschin.com\/wp-content\/uploads\/2014\/10\/DSC04509.jpg\"><img data-recalc-dims=\"1\" loading=\"lazy\" decoding=\"async\" data-attachment-id=\"1429\" data-permalink=\"https:\/\/oberschin.com\/?attachment_id=1429\" data-orig-file=\"https:\/\/i0.wp.com\/oberschin.com\/wp-content\/uploads\/2014\/10\/DSC04509.jpg?fit=1000%2C666&amp;ssl=1\" data-orig-size=\"1000,666\" data-comments-opened=\"1\" data-image-meta=\"{&quot;aperture&quot;:&quot;2.8&quot;,&quot;credit&quot;:&quot;&quot;,&quot;camera&quot;:&quot;DSLR-A350&quot;,&quot;caption&quot;:&quot;&quot;,&quot;created_timestamp&quot;:&quot;1376675173&quot;,&quot;copyright&quot;:&quot;&quot;,&quot;focal_length&quot;:&quot;105&quot;,&quot;iso&quot;:&quot;400&quot;,&quot;shutter_speed&quot;:&quot;0.05&quot;,&quot;title&quot;:&quot;SONY DSC&quot;,&quot;orientation&quot;:&quot;1&quot;}\" data-image-title=\"SONY DSC\" data-image-description=\"\" data-image-caption=\"\" data-large-file=\"https:\/\/i0.wp.com\/oberschin.com\/wp-content\/uploads\/2014\/10\/DSC04509.jpg?fit=620%2C413&amp;ssl=1\" class=\"aligncenter wp-image-1429\" src=\"https:\/\/i0.wp.com\/oberschin.com\/wp-content\/uploads\/2014\/10\/DSC04509.jpg?resize=620%2C413\" alt=\"SONY DSC\" width=\"620\" height=\"413\" srcset=\"https:\/\/i0.wp.com\/oberschin.com\/wp-content\/uploads\/2014\/10\/DSC04509.jpg?w=1000&amp;ssl=1 1000w, https:\/\/i0.wp.com\/oberschin.com\/wp-content\/uploads\/2014\/10\/DSC04509.jpg?resize=300%2C199&amp;ssl=1 300w, https:\/\/i0.wp.com\/oberschin.com\/wp-content\/uploads\/2014\/10\/DSC04509.jpg?resize=700%2C466&amp;ssl=1 700w\" sizes=\"auto, (max-width: 620px) 100vw, 620px\" \/><\/a>\u00a0<a href=\"https:\/\/i0.wp.com\/oberschin.com\/wp-content\/uploads\/2014\/10\/DSC04514.jpg\"><img data-recalc-dims=\"1\" loading=\"lazy\" decoding=\"async\" data-attachment-id=\"1430\" data-permalink=\"https:\/\/oberschin.com\/?attachment_id=1430\" data-orig-file=\"https:\/\/i0.wp.com\/oberschin.com\/wp-content\/uploads\/2014\/10\/DSC04514.jpg?fit=1000%2C666&amp;ssl=1\" data-orig-size=\"1000,666\" data-comments-opened=\"1\" data-image-meta=\"{&quot;aperture&quot;:&quot;2.8&quot;,&quot;credit&quot;:&quot;&quot;,&quot;camera&quot;:&quot;DSLR-A350&quot;,&quot;caption&quot;:&quot;&quot;,&quot;created_timestamp&quot;:&quot;1376675218&quot;,&quot;copyright&quot;:&quot;&quot;,&quot;focal_length&quot;:&quot;105&quot;,&quot;iso&quot;:&quot;400&quot;,&quot;shutter_speed&quot;:&quot;0.066666666666667&quot;,&quot;title&quot;:&quot;SONY DSC&quot;,&quot;orientation&quot;:&quot;1&quot;}\" data-image-title=\"SONY DSC\" data-image-description=\"\" data-image-caption=\"\" data-large-file=\"https:\/\/i0.wp.com\/oberschin.com\/wp-content\/uploads\/2014\/10\/DSC04514.jpg?fit=620%2C413&amp;ssl=1\" class=\"aligncenter wp-image-1430\" src=\"https:\/\/i0.wp.com\/oberschin.com\/wp-content\/uploads\/2014\/10\/DSC04514.jpg?resize=620%2C413\" alt=\"SONY DSC\" width=\"620\" height=\"413\" srcset=\"https:\/\/i0.wp.com\/oberschin.com\/wp-content\/uploads\/2014\/10\/DSC04514.jpg?w=1000&amp;ssl=1 1000w, https:\/\/i0.wp.com\/oberschin.com\/wp-content\/uploads\/2014\/10\/DSC04514.jpg?resize=300%2C199&amp;ssl=1 300w, https:\/\/i0.wp.com\/oberschin.com\/wp-content\/uploads\/2014\/10\/DSC04514.jpg?resize=700%2C466&amp;ssl=1 700w\" sizes=\"auto, (max-width: 620px) 100vw, 620px\" \/><\/a><\/p>\n<p><span style=\"font-family: Courier;\">Es ist eine mini-Version der <a href=\"http:\/\/oberschin.webs.com\/apps\/blog\/show\/prev?from_id=10978267\" target=\"_blank\">iPad H\u00fclle<\/a>\u00a0von vor 2 Jahren. Das Papierfach \u00f6ffnet sich diesesmal allerdings nicht gegen unten, sondern &#8211; und das ist definitiv praktischer &#8211;\u00a0es \u00f6ffnet sich gegen oben, also am gleichen Ort, wo auch die \u00d6ffnung f\u00fcr das &#8222;Tablet&#8220; ist.<\/span><\/p>\n<p><span style=\"font-family: Courier;\">Danke f\u00fcrs Vorbeischauen,<\/span><\/p>\n<p><img data-recalc-dims=\"1\" loading=\"lazy\" decoding=\"async\" class=\"\" src=\"https:\/\/i0.wp.com\/oberschin.webs.com\/unterschrift.png?resize=105%2C45\" alt=\"\" width=\"105\" height=\"45\" \/><\/p>\n<\/div>\n","protected":false},"excerpt":{"rendered":"<p>Papa&#8217;s &#8222;Tablet&#8220; soll nicht mehr in einem alten gepolsterten Briefumschlag\u00a0herumreisen, sondern in einer richtigen H\u00fclle. Leider gab es in meinem Stoffschrank nur gelb und lila Filz zur Auswahl&#8230;<\/p>\n","protected":false},"author":1,"featured_media":1427,"comment_status":"open","ping_status":"open","sticky":false,"template":"","format":"standard","meta":{"_jetpack_newsletter_access":"","_jetpack_dont_email_post_to_subs":false,"_jetpack_newsletter_tier_id":0,"_jetpack_memberships_contains_paywalled_content":false,"_jetpack_feature_clip_id":0,"_jetpack_memberships_contains_paid_content":false,"footnotes":"","jetpack_publicize_message":"","jetpack_publicize_feature_enabled":true,"jetpack_social_post_already_shared":false,"jetpack_social_options":{"image_generator_settings":{"template":"highway","default_image_id":0,"font":"","enabled":false},"version":2},"jetpack_post_was_ever_published":false},"categories":[13],"tags":[],"class_list":["post-1426","post","type-post","status-publish","format-standard","has-post-thumbnail","hentry","category-beutel-und-huellen"],"jetpack_publicize_connections":[],"jetpack_sharing_enabled":true,"jetpack_shortlink":"https:\/\/wp.me\/p6KMDe-n0","jetpack-related-posts":[{"id":90,"url":"https:\/\/oberschin.com\/?p=90","url_meta":{"origin":1426,"position":0},"title":"Lila Streifen","author":"oberschin","date":"2. November 2010","format":false,"excerpt":"Ich hab mich nicht richtig an diesen Stoff gewagt, weil ich mir gar nicht sicher war, ob das Endprodukt wohl auch getragen wird (der Farben wegen). Aber weils so bequem ist, war diese Sorge wohl umsonst... Der Schnitt ist - wie immer bei meinen M\u00e4nnershirts - aus diesem Buch (Hinweis\u2026","rel":"","context":"In &quot;japanisch n\u00e4hen&quot;","block_context":{"text":"japanisch n\u00e4hen","link":"https:\/\/oberschin.com\/?cat=17"},"img":{"alt_text":"","src":"https:\/\/i0.wp.com\/oberschin.com\/wp-content\/uploads\/2010\/11\/collage_gestreift-lila.jpg?fit=870%2C610&ssl=1&resize=350%2C200","width":350,"height":200,"srcset":"https:\/\/i0.wp.com\/oberschin.com\/wp-content\/uploads\/2010\/11\/collage_gestreift-lila.jpg?fit=870%2C610&ssl=1&resize=350%2C200 1x, https:\/\/i0.wp.com\/oberschin.com\/wp-content\/uploads\/2010\/11\/collage_gestreift-lila.jpg?fit=870%2C610&ssl=1&resize=525%2C300 1.5x, https:\/\/i0.wp.com\/oberschin.com\/wp-content\/uploads\/2010\/11\/collage_gestreift-lila.jpg?fit=870%2C610&ssl=1&resize=700%2C400 2x"},"classes":[]},{"id":864,"url":"https:\/\/oberschin.com\/?p=864","url_meta":{"origin":1426,"position":1},"title":"iPad H\u00fclle","author":"oberschin","date":"20. Dezember 2011","format":false,"excerpt":"Das Apfelding soll mit auf unsere Reise. Es steckt zwar bereits in einer dieser \"Magnet-H\u00fcllen\" aber so ist es noch etwas gepolstert. \u00a0\u00a0\u00a0 \u00a0Da wir dieses Mal mehr als nur ein Land bereisen und wir in der Regel sowohl \"Rough\" wie auch \"Lonely\" dabei haben und die bekanntlich ja nicht\u2026","rel":"","context":"In &quot;reisen&quot;","block_context":{"text":"reisen","link":"https:\/\/oberschin.com\/?cat=11"},"img":{"alt_text":"","src":"https:\/\/i0.wp.com\/oberschin.com\/wp-content\/uploads\/2014\/10\/DSC08171.jpg?fit=1000%2C666&ssl=1&resize=350%2C200","width":350,"height":200,"srcset":"https:\/\/i0.wp.com\/oberschin.com\/wp-content\/uploads\/2014\/10\/DSC08171.jpg?fit=1000%2C666&ssl=1&resize=350%2C200 1x, https:\/\/i0.wp.com\/oberschin.com\/wp-content\/uploads\/2014\/10\/DSC08171.jpg?fit=1000%2C666&ssl=1&resize=525%2C300 1.5x, https:\/\/i0.wp.com\/oberschin.com\/wp-content\/uploads\/2014\/10\/DSC08171.jpg?fit=1000%2C666&ssl=1&resize=700%2C400 2x"},"classes":[]},{"id":280,"url":"https:\/\/oberschin.com\/?p=280","url_meta":{"origin":1426,"position":2},"title":"Reise Utensilien aus Leder","author":"oberschin","date":"16. Dezember 2010","format":false,"excerpt":"Es ist zwar nicht so, dass wir schon bald mal wieder in die Ferien fahren w\u00fcrden... dennoch hab ich mich jetzt endlich mal an die schon lange geplanten Lederh\u00fcllen gemacht. \u00a0 \u00a0\u00a0 Eine f\u00fcr den Lonely Planet Reisef\u00fchrer, mit diversen Lesezeichen... ... und je eine f\u00fcr unsere P\u00e4sse (in unterschiedlichen\u2026","rel":"","context":"In &quot;praktische f\u00fcr zuhause&quot;","block_context":{"text":"praktische f\u00fcr zuhause","link":"https:\/\/oberschin.com\/?cat=9"},"img":{"alt_text":"","src":"https:\/\/i0.wp.com\/oberschin.com\/wp-content\/uploads\/2014\/10\/DSC03418.jpg?fit=1000%2C666&ssl=1&resize=350%2C200","width":350,"height":200,"srcset":"https:\/\/i0.wp.com\/oberschin.com\/wp-content\/uploads\/2014\/10\/DSC03418.jpg?fit=1000%2C666&ssl=1&resize=350%2C200 1x, https:\/\/i0.wp.com\/oberschin.com\/wp-content\/uploads\/2014\/10\/DSC03418.jpg?fit=1000%2C666&ssl=1&resize=525%2C300 1.5x, https:\/\/i0.wp.com\/oberschin.com\/wp-content\/uploads\/2014\/10\/DSC03418.jpg?fit=1000%2C666&ssl=1&resize=700%2C400 2x"},"classes":[]},{"id":1549,"url":"https:\/\/oberschin.com\/?p=1549","url_meta":{"origin":1426,"position":3},"title":"Libellen im Badezimmer","author":"oberschin","date":"19. Dezember 2013","format":false,"excerpt":"Am Zerfallen und v\u00f6llig verf\u00e4rbt.... kurz: zum Entsorgen. Also musste da eine neue H\u00fclle her. Ich habe mich f\u00fcr einen Libellenstoff von unserer letzten Japanreise in meiner Lieblingsfarbe entschieden... unterer Teil Libellen aus Japan, oberer Teil ebenfalls japanisch die Schnur habe ich recycelt Den Schnitt aus diesem Buch (aus dem\u2026","rel":"","context":"In &quot;japanisch n\u00e4hen&quot;","block_context":{"text":"japanisch n\u00e4hen","link":"https:\/\/oberschin.com\/?cat=17"},"img":{"alt_text":"","src":"https:\/\/i0.wp.com\/oberschin.com\/wp-content\/uploads\/2014\/10\/DSC04793.jpg?fit=1000%2C666&ssl=1&resize=350%2C200","width":350,"height":200,"srcset":"https:\/\/i0.wp.com\/oberschin.com\/wp-content\/uploads\/2014\/10\/DSC04793.jpg?fit=1000%2C666&ssl=1&resize=350%2C200 1x, https:\/\/i0.wp.com\/oberschin.com\/wp-content\/uploads\/2014\/10\/DSC04793.jpg?fit=1000%2C666&ssl=1&resize=525%2C300 1.5x, https:\/\/i0.wp.com\/oberschin.com\/wp-content\/uploads\/2014\/10\/DSC04793.jpg?fit=1000%2C666&ssl=1&resize=700%2C400 2x"},"classes":[]},{"id":88,"url":"https:\/\/oberschin.com\/?p=88","url_meta":{"origin":1426,"position":4},"title":"Kirschkern-Flanell-Kissen","author":"oberschin","date":"28. Oktober 2010","format":false,"excerpt":"Dieses l\u00f6chrige Ding habe ich von meiner lieben Schwiegermama bekommen: Diesen kuschligen Flanell mit passendem gemustertem Baumwollstoff habe ich auf unserer Neuengland-Reise gekauft: Dann hab ich die Kirschensteine aus dem alten Kissen raussortiert und den Bezug weggeschmissen... ...den Flanell und den Baumwollstoff zugeschnitten (25 x 25 cm), passenden Faden rausgesucht\u2026","rel":"","context":"In &quot;praktische f\u00fcr zuhause&quot;","block_context":{"text":"praktische f\u00fcr zuhause","link":"https:\/\/oberschin.com\/?cat=9"},"img":{"alt_text":"","src":"https:\/\/i0.wp.com\/oberschin.com\/wp-content\/uploads\/2010\/10\/DSC02683.jpg?fit=1000%2C666&ssl=1&resize=350%2C200","width":350,"height":200,"srcset":"https:\/\/i0.wp.com\/oberschin.com\/wp-content\/uploads\/2010\/10\/DSC02683.jpg?fit=1000%2C666&ssl=1&resize=350%2C200 1x, https:\/\/i0.wp.com\/oberschin.com\/wp-content\/uploads\/2010\/10\/DSC02683.jpg?fit=1000%2C666&ssl=1&resize=525%2C300 1.5x, https:\/\/i0.wp.com\/oberschin.com\/wp-content\/uploads\/2010\/10\/DSC02683.jpg?fit=1000%2C666&ssl=1&resize=700%2C400 2x"},"classes":[]},{"id":100,"url":"https:\/\/oberschin.com\/?p=100","url_meta":{"origin":1426,"position":5},"title":"Natelh\u00fclle und H\u00f6henmeter-Schutz","author":"oberschin","date":"12. November 2010","format":false,"excerpt":"Der H\u00f6henmeterschutz umh\u00fcllt bereits das Ger\u00e4t, dass ich f\u00e4lschlicherweise als Kompass deklariert habe. Hier also mal etwas \"andere\" Fotos. Da das Ger\u00e4t an einer Schnur h\u00e4ngt, hat der Sack oben eine kleine \u00d6ffnung. Ist das Ger\u00e4t nicht in Gebrauch kann die H\u00fclle mittels Druckknopf verschlossen werden. Das letzte Produkt auf\u2026","rel":"","context":"In &quot;praktische f\u00fcr zuhause&quot;","block_context":{"text":"praktische f\u00fcr zuhause","link":"https:\/\/oberschin.com\/?cat=9"},"img":{"alt_text":"","src":"https:\/\/i0.wp.com\/oberschin.com\/wp-content\/uploads\/2010\/11\/DSC03161.jpg?fit=1000%2C666&ssl=1&resize=350%2C200","width":350,"height":200,"srcset":"https:\/\/i0.wp.com\/oberschin.com\/wp-content\/uploads\/2010\/11\/DSC03161.jpg?fit=1000%2C666&ssl=1&resize=350%2C200 1x, https:\/\/i0.wp.com\/oberschin.com\/wp-content\/uploads\/2010\/11\/DSC03161.jpg?fit=1000%2C666&ssl=1&resize=525%2C300 1.5x, https:\/\/i0.wp.com\/oberschin.com\/wp-content\/uploads\/2010\/11\/DSC03161.jpg?fit=1000%2C666&ssl=1&resize=700%2C400 2x"},"classes":[]}],"jetpack_featured_media_url":"https:\/\/i0.wp.com\/oberschin.com\/wp-content\/uploads\/2014\/10\/DSC04510.jpg?fit=1000%2C666&ssl=1","_links":{"self":[{"href":"https:\/\/oberschin.com\/index.php?rest_route=\/wp\/v2\/posts\/1426","targetHints":{"allow":["GET"]}}],"collection":[{"href":"https:\/\/oberschin.com\/index.php?rest_route=\/wp\/v2\/posts"}],"about":[{"href":"https:\/\/oberschin.com\/index.php?rest_route=\/wp\/v2\/types\/post"}],"author":[{"embeddable":true,"href":"https:\/\/oberschin.com\/index.php?rest_route=\/wp\/v2\/users\/1"}],"replies":[{"embeddable":true,"href":"https:\/\/oberschin.com\/index.php?rest_route=%2Fwp%2Fv2%2Fcomments&post=1426"}],"version-history":[{"count":1,"href":"https:\/\/oberschin.com\/index.php?rest_route=\/wp\/v2\/posts\/1426\/revisions"}],"predecessor-version":[{"id":1431,"href":"https:\/\/oberschin.com\/index.php?rest_route=\/wp\/v2\/posts\/1426\/revisions\/1431"}],"wp:featuredmedia":[{"embeddable":true,"href":"https:\/\/oberschin.com\/index.php?rest_route=\/wp\/v2\/media\/1427"}],"wp:attachment":[{"href":"https:\/\/oberschin.com\/index.php?rest_route=%2Fwp%2Fv2%2Fmedia&parent=1426"}],"wp:term":[{"taxonomy":"category","embeddable":true,"href":"https:\/\/oberschin.com\/index.php?rest_route=%2Fwp%2Fv2%2Fcategories&post=1426"},{"taxonomy":"post_tag","embeddable":true,"href":"https:\/\/oberschin.com\/index.php?rest_route=%2Fwp%2Fv2%2Ftags&post=1426"}],"curies":[{"name":"wp","href":"https:\/\/api.w.org\/{rel}","templated":true}]}}