{"id":1332,"date":"2013-02-26T15:45:19","date_gmt":"2013-02-26T13:45:19","guid":{"rendered":"http:\/\/oberschin.com\/?p=1332"},"modified":"2016-01-31T23:04:23","modified_gmt":"2016-01-31T22:04:23","slug":"mmm-17-aus-blauen-streifen-wird-schwarze-nacht","status":"publish","type":"post","link":"https:\/\/oberschin.com\/?p=1332","title":{"rendered":"MMM #17 &#8211; aus blauen Streifen wird schwarze Nacht"},"content":{"rendered":"<div class=\"blogEntryContent\">\n<p><span style=\"font-family: Courier;\">Nach l\u00e4ngerem hin und her habe ich mich nun doch getraut, meinen Feder-Rock einzuf\u00e4rben. So gestreift w\u00e4re er nur im Schrank gelegen und wenn die F\u00e4rbe-Aktion total schief gelaufen w\u00e4re, h\u00e4tte ich\u00a0ihn dann halt weggeworfen&#8230; (Schrank oder Abfall macht ja keinen grossen Unterschied).<\/span><\/p>\n<p><span style=\"font-family: Courier;\">Meine erste Sorge galt dem Verfilzen der Wolle. Aber Wolle verfilzt nicht, weil sie zu heiss gewaschen wird, sondern nur dann, wenn die Temperaturen zu schnell wechseln (von kalt zu heiss oder umgekehrt). Habt ihr das auch nicht gewusst?<\/span><\/p>\n<p><span style=\"font-family: Courier;\">Das heisst also, dass man das Kleidungsst\u00fcck zusammen mit der Farbe bedenkenlos auf 95\u00b0C aufkochen kann. Ich habe dem nicht so richtig getraut&#8230; aber es klappte tats\u00e4chlich.\u00a0<img data-recalc-dims=\"1\" decoding=\"async\" src=\"https:\/\/i0.wp.com\/static.websimages.com\/JS\/Punymce\/plugins\/emoticons\/img\/smile.gif?w=620\" alt=\":)\" \/><\/span><\/p>\n<p><span style=\"font-family: Courier;\">Meine zweite Sorge basiert auf einer Bemerkung in der Packungsbeilage. Da\u00a0stand, die Farbe sei f\u00fcr Seide, Wolle und Nylon geeignet, nicht aber f\u00fcr Mohair. Bei Mischgeweben soll das F\u00e4rben auch funktionieren, vorausgesetzt der f\u00e4rbbare Anteil betr\u00e4gt mehr als 50%. Meine Wolle ist zwar eine Mischwolle, aber sie besteht aus 80% Mohair und 20% Polyamid.<\/span><\/p>\n<p><span style=\"font-family: Courier;\">Trotz allen Bedenken\u00a0probierte ich es einfach mal aus: 1l siedendes Wasser + Farbe, dann ca. 5l kaltes Wasser (mehr hatte in meiner &#8222;Seifensiederpfanne&#8220; nicht Platz) + 250ml Essig, dann den nassen Rock rein und aufkochen.<\/span><\/p>\n<p><span style=\"font-family: Courier;\">20 min kochte es vor sich rum und spritzte rum. <img data-recalc-dims=\"1\" decoding=\"async\" src=\"https:\/\/i0.wp.com\/static.websimages.com\/JS\/Punymce\/plugins\/emoticons\/img\/sad.gif?w=620\" alt=\":(\" \/> Dann schaltete ich den Kochherd aus und liess alles \u00fcber Nacht ausk\u00fchlen&#8230; damit es eben\u00a0keine von diesen gef\u00fcrchteten Temperaturschocks gibt.<\/span><\/p>\n<p align=\"left\"><span style=\"font-family: Courier;\">Heute Morgen habe ich die Farbe ausgesp\u00fclt (mit ein bisschen Angst im Bauch, der Rock k\u00f6nnte wieder weiss-blau werden). In der letzten Sp\u00fclung kam ein &#8222;Schgutz&#8220; Essig dazu und dann wurde der Rock auf einem Badetuch zum Trocknen ausgelegt.<\/span><\/p>\n<p><span style=\"font-family: Courier;\">Und er ist schwarz!!! Und er gef\u00e4llt mir nun viel besser! Und&#8230; ich kann jetzt ein Bild von ihm und mir zeigen ohne mich zu sch\u00e4men. <img data-recalc-dims=\"1\" decoding=\"async\" src=\"https:\/\/i0.wp.com\/static.websimages.com\/JS\/Punymce\/plugins\/emoticons\/img\/smile.gif?w=620\" alt=\":)\" \/><\/span><\/p>\n<p align=\"center\"><span style=\"font-family: Courier;\"><a href=\"https:\/\/i0.wp.com\/oberschin.com\/wp-content\/uploads\/2013\/02\/DSC03839.jpg\"><img data-recalc-dims=\"1\" loading=\"lazy\" decoding=\"async\" data-attachment-id=\"1334\" data-permalink=\"https:\/\/oberschin.com\/?attachment_id=1334\" data-orig-file=\"https:\/\/i0.wp.com\/oberschin.com\/wp-content\/uploads\/2013\/02\/DSC03839.jpg?fit=1000%2C1409&amp;ssl=1\" data-orig-size=\"1000,1409\" data-comments-opened=\"1\" data-image-meta=\"{&quot;aperture&quot;:&quot;4.5&quot;,&quot;credit&quot;:&quot;&quot;,&quot;camera&quot;:&quot;DSLR-A350&quot;,&quot;caption&quot;:&quot;&quot;,&quot;created_timestamp&quot;:&quot;1361400117&quot;,&quot;copyright&quot;:&quot;&quot;,&quot;focal_length&quot;:&quot;28&quot;,&quot;iso&quot;:&quot;400&quot;,&quot;shutter_speed&quot;:&quot;0.8&quot;,&quot;title&quot;:&quot;SONY DSC&quot;,&quot;orientation&quot;:&quot;1&quot;}\" data-image-title=\"SONY DSC\" data-image-description=\"\" data-image-caption=\"\" data-large-file=\"https:\/\/i0.wp.com\/oberschin.com\/wp-content\/uploads\/2013\/02\/DSC03839.jpg?fit=620%2C874&amp;ssl=1\" class=\"aligncenter wp-image-1334\" src=\"https:\/\/i0.wp.com\/oberschin.com\/wp-content\/uploads\/2013\/02\/DSC03839.jpg?resize=620%2C874\" alt=\"SONY DSC\" width=\"620\" height=\"874\" srcset=\"https:\/\/i0.wp.com\/oberschin.com\/wp-content\/uploads\/2013\/02\/DSC03839.jpg?w=1000&amp;ssl=1 1000w, https:\/\/i0.wp.com\/oberschin.com\/wp-content\/uploads\/2013\/02\/DSC03839.jpg?resize=212%2C300&amp;ssl=1 212w, https:\/\/i0.wp.com\/oberschin.com\/wp-content\/uploads\/2013\/02\/DSC03839.jpg?resize=726%2C1024&amp;ssl=1 726w, https:\/\/i0.wp.com\/oberschin.com\/wp-content\/uploads\/2013\/02\/DSC03839.jpg?resize=700%2C986&amp;ssl=1 700w\" sizes=\"auto, (max-width: 620px) 100vw, 620px\" \/><\/a><\/span><\/p>\n<p align=\"center\"><span style=\"font-family: Courier;\"> <a href=\"https:\/\/i0.wp.com\/oberschin.com\/wp-content\/uploads\/2013\/02\/DSC03847.jpg\"><img data-recalc-dims=\"1\" loading=\"lazy\" decoding=\"async\" data-attachment-id=\"1335\" data-permalink=\"https:\/\/oberschin.com\/?attachment_id=1335\" data-orig-file=\"https:\/\/i0.wp.com\/oberschin.com\/wp-content\/uploads\/2013\/02\/DSC03847.jpg?fit=1000%2C666&amp;ssl=1\" data-orig-size=\"1000,666\" data-comments-opened=\"1\" data-image-meta=\"{&quot;aperture&quot;:&quot;2.8&quot;,&quot;credit&quot;:&quot;&quot;,&quot;camera&quot;:&quot;DSLR-A350&quot;,&quot;caption&quot;:&quot;&quot;,&quot;created_timestamp&quot;:&quot;1361400583&quot;,&quot;copyright&quot;:&quot;&quot;,&quot;focal_length&quot;:&quot;105&quot;,&quot;iso&quot;:&quot;400&quot;,&quot;shutter_speed&quot;:&quot;2.5&quot;,&quot;title&quot;:&quot;SONY DSC&quot;,&quot;orientation&quot;:&quot;1&quot;}\" data-image-title=\"SONY DSC\" data-image-description=\"\" data-image-caption=\"\" data-large-file=\"https:\/\/i0.wp.com\/oberschin.com\/wp-content\/uploads\/2013\/02\/DSC03847.jpg?fit=620%2C413&amp;ssl=1\" class=\"aligncenter wp-image-1335\" src=\"https:\/\/i0.wp.com\/oberschin.com\/wp-content\/uploads\/2013\/02\/DSC03847.jpg?resize=620%2C413\" alt=\"SONY DSC\" width=\"620\" height=\"413\" srcset=\"https:\/\/i0.wp.com\/oberschin.com\/wp-content\/uploads\/2013\/02\/DSC03847.jpg?w=1000&amp;ssl=1 1000w, https:\/\/i0.wp.com\/oberschin.com\/wp-content\/uploads\/2013\/02\/DSC03847.jpg?resize=300%2C199&amp;ssl=1 300w, https:\/\/i0.wp.com\/oberschin.com\/wp-content\/uploads\/2013\/02\/DSC03847.jpg?resize=700%2C466&amp;ssl=1 700w\" sizes=\"auto, (max-width: 620px) 100vw, 620px\" \/><\/a> <\/span><\/p>\n<p align=\"left\"><span style=\"font-family: Courier;\">Das hier ist das Wundermittelchen:<br \/>\n<\/span><\/p>\n<p align=\"center\"><span style=\"font-family: Courier;\"><a href=\"https:\/\/i0.wp.com\/oberschin.com\/wp-content\/uploads\/2013\/02\/ideal-517-200.jpg\"><img data-recalc-dims=\"1\" loading=\"lazy\" decoding=\"async\" data-attachment-id=\"1336\" data-permalink=\"https:\/\/oberschin.com\/?attachment_id=1336\" data-orig-file=\"https:\/\/i0.wp.com\/oberschin.com\/wp-content\/uploads\/2013\/02\/ideal-517-200.jpg?fit=200%2C240&amp;ssl=1\" data-orig-size=\"200,240\" data-comments-opened=\"1\" data-image-meta=\"{&quot;aperture&quot;:&quot;0&quot;,&quot;credit&quot;:&quot;&quot;,&quot;camera&quot;:&quot;&quot;,&quot;caption&quot;:&quot;&quot;,&quot;created_timestamp&quot;:&quot;0&quot;,&quot;copyright&quot;:&quot;&quot;,&quot;focal_length&quot;:&quot;0&quot;,&quot;iso&quot;:&quot;0&quot;,&quot;shutter_speed&quot;:&quot;0&quot;,&quot;title&quot;:&quot;&quot;,&quot;orientation&quot;:&quot;0&quot;}\" data-image-title=\"ideal-517-200\" data-image-description=\"\" data-image-caption=\"\" data-large-file=\"https:\/\/i0.wp.com\/oberschin.com\/wp-content\/uploads\/2013\/02\/ideal-517-200.jpg?fit=200%2C240&amp;ssl=1\" class=\"aligncenter size-full wp-image-1336\" src=\"https:\/\/i0.wp.com\/oberschin.com\/wp-content\/uploads\/2013\/02\/ideal-517-200.jpg?resize=200%2C240\" alt=\"ideal-517-200\" width=\"200\" height=\"240\" \/><\/a><\/span><\/p>\n<p align=\"left\"><span style=\"font-family: Courier;\">Und <a href=\"http:\/\/memademittwoch.blogspot.ch\/2013\/02\/me-made-mittwoch-am-27-februar-2013.html\" target=\"_blank\">hier<\/a> sind die anderen mutigen Mittwoch-N\u00e4herinnen,<\/span><\/p>\n<p align=\"left\"><span style=\"font-family: Courier;\"><img data-recalc-dims=\"1\" loading=\"lazy\" decoding=\"async\" src=\"https:\/\/i0.wp.com\/oberschin.webs.com\/unterschrift.png?resize=93%2C42\" alt=\"\" width=\"93\" height=\"42\" \/><\/span><\/p>\n<\/div>\n","protected":false},"excerpt":{"rendered":"<p>Nach l\u00e4ngerem hin und her habe ich mich nun doch getraut, meinen Feder-Rock einzuf\u00e4rben. So gestreift w\u00e4re er nur im Schrank gelegen und wenn die F\u00e4rbe-Aktion total schief&#8230;<\/p>\n","protected":false},"author":1,"featured_media":1335,"comment_status":"open","ping_status":"open","sticky":false,"template":"","format":"standard","meta":{"_jetpack_newsletter_access":"","_jetpack_dont_email_post_to_subs":false,"_jetpack_newsletter_tier_id":0,"_jetpack_memberships_contains_paywalled_content":false,"_jetpack_feature_clip_id":0,"_jetpack_memberships_contains_paid_content":false,"footnotes":"","jetpack_publicize_message":"","jetpack_publicize_feature_enabled":true,"jetpack_social_post_already_shared":false,"jetpack_social_options":{"image_generator_settings":{"template":"highway","default_image_id":0,"font":"","enabled":false},"version":2},"jetpack_post_was_ever_published":false},"categories":[5,14],"tags":[],"class_list":["post-1332","post","type-post","status-publish","format-standard","has-post-thumbnail","hentry","category-kleider-fuer-die-frau","category-me-made-mittwoch"],"jetpack_publicize_connections":[],"jetpack_sharing_enabled":true,"jetpack_shortlink":"https:\/\/wp.me\/p6KMDe-lu","jetpack-related-posts":[{"id":1672,"url":"https:\/\/oberschin.com\/?p=1672","url_meta":{"origin":1332,"position":0},"title":"Caitlin die Giraffe","author":"oberschin","date":"3. April 2015","format":false,"excerpt":"Diese Giraffe ist mein viertes Tier aus \"Edwards Menagerie\" (jetzt \u00fcbrigends in Deutsch erh\u00e4ltlich!). Die Giraffe geh\u00f6rt ins Level 3, also zu den schwierigsten Tieren im Buch. Und ich muss zugeben, es ist nicht ganz ohne, Maschen zu z\u00e4hlen und gleichzeitig unregelm\u00e4ssige Farbflecken zu h\u00e4keln. Ich habe immer wieder mal\u2026","rel":"","context":"In &quot;kinderkram&quot;","block_context":{"text":"kinderkram","link":"https:\/\/oberschin.com\/?cat=3"},"img":{"alt_text":"","src":"https:\/\/i0.wp.com\/oberschin.com\/wp-content\/uploads\/2015\/04\/DSC06701.jpg?fit=798%2C1200&ssl=1&resize=350%2C200","width":350,"height":200,"srcset":"https:\/\/i0.wp.com\/oberschin.com\/wp-content\/uploads\/2015\/04\/DSC06701.jpg?fit=798%2C1200&ssl=1&resize=350%2C200 1x, https:\/\/i0.wp.com\/oberschin.com\/wp-content\/uploads\/2015\/04\/DSC06701.jpg?fit=798%2C1200&ssl=1&resize=525%2C300 1.5x, https:\/\/i0.wp.com\/oberschin.com\/wp-content\/uploads\/2015\/04\/DSC06701.jpg?fit=798%2C1200&ssl=1&resize=700%2C400 2x"},"classes":[]},{"id":2257,"url":"https:\/\/oberschin.com\/?p=2257","url_meta":{"origin":1332,"position":1},"title":"der Winter ist da&#8230;","author":"oberschin","date":"25. November 2015","format":false,"excerpt":"... und der Wintermantel f\u00fcr den mittleren Mann ist fertig! Jacken und M\u00e4ntel sind doch die Kleidungsst\u00fccke, die man am h\u00e4ufigsten tr\u00e4gt. Und Jacken f\u00fcr Kinder sind schnell gen\u00e4ht. Darum war schon l\u00e4nger klar, dass ich meinem mittleren Mann auch dieses Jahr wieder einen Wintermantel n\u00e4hen werde. Dabei verwendete ich\u2026","rel":"","context":"In &quot;japanisch n\u00e4hen&quot;","block_context":{"text":"japanisch n\u00e4hen","link":"https:\/\/oberschin.com\/?cat=17"},"img":{"alt_text":"","src":"https:\/\/i0.wp.com\/oberschin.com\/wp-content\/uploads\/2015\/09\/DSC08190.jpg?fit=798%2C1200&ssl=1&resize=350%2C200","width":350,"height":200,"srcset":"https:\/\/i0.wp.com\/oberschin.com\/wp-content\/uploads\/2015\/09\/DSC08190.jpg?fit=798%2C1200&ssl=1&resize=350%2C200 1x, https:\/\/i0.wp.com\/oberschin.com\/wp-content\/uploads\/2015\/09\/DSC08190.jpg?fit=798%2C1200&ssl=1&resize=525%2C300 1.5x, https:\/\/i0.wp.com\/oberschin.com\/wp-content\/uploads\/2015\/09\/DSC08190.jpg?fit=798%2C1200&ssl=1&resize=700%2C400 2x"},"classes":[]},{"id":2658,"url":"https:\/\/oberschin.com\/?p=2658","url_meta":{"origin":1332,"position":2},"title":"Schwalben um den Hals","author":"oberschin","date":"19. Juni 2016","format":false,"excerpt":"Mein letzter Abstecher im Stoffladen hat dazu gef\u00fchrt, dass ich mal wieder was gekauft habe, das ich eigentlich gar nicht haben wollte. Also haben wollte ich es schon, aber gebraucht h\u00e4tte ich es nicht wirklich. Nun ist der Stoff aber kaum gekauft auch schon vern\u00e4ht und das Produkt wird\u00a0 fleissig\u2026","rel":"","context":"In &quot;kleider f\u00fcr die frau&quot;","block_context":{"text":"kleider f\u00fcr die frau","link":"https:\/\/oberschin.com\/?cat=5"},"img":{"alt_text":"","src":"https:\/\/i0.wp.com\/oberschin.com\/wp-content\/uploads\/2016\/06\/DSC09666.jpg?fit=775%2C1200&ssl=1&resize=350%2C200","width":350,"height":200,"srcset":"https:\/\/i0.wp.com\/oberschin.com\/wp-content\/uploads\/2016\/06\/DSC09666.jpg?fit=775%2C1200&ssl=1&resize=350%2C200 1x, https:\/\/i0.wp.com\/oberschin.com\/wp-content\/uploads\/2016\/06\/DSC09666.jpg?fit=775%2C1200&ssl=1&resize=525%2C300 1.5x, https:\/\/i0.wp.com\/oberschin.com\/wp-content\/uploads\/2016\/06\/DSC09666.jpg?fit=775%2C1200&ssl=1&resize=700%2C400 2x"},"classes":[]},{"id":1479,"url":"https:\/\/oberschin.com\/?p=1479","url_meta":{"origin":1332,"position":3},"title":"Mini Boshi","author":"oberschin","date":"6. Oktober 2013","format":false,"excerpt":"Eigentlich sollte das \"Baby-Boshi\" orange-braun gestreift werden. Aber es\u00a0war zuwenig Wolle \u00fcbrig und nun habe ich zwei Boshis, eins mit braun und eins mit orange. Ich habe wirklich lange herum probiert... aber mit allen erdenklichen Streifendicken, ich schaffte es nicht, die Wolle so einzuteilen, dass es reichte, eine Kappe zu\u2026","rel":"","context":"In &quot;anleitungen&quot;","block_context":{"text":"anleitungen","link":"https:\/\/oberschin.com\/?cat=2"},"img":{"alt_text":"","src":"https:\/\/i0.wp.com\/oberschin.com\/wp-content\/uploads\/2014\/10\/DSC04736.jpg?fit=1000%2C666&ssl=1&resize=350%2C200","width":350,"height":200,"srcset":"https:\/\/i0.wp.com\/oberschin.com\/wp-content\/uploads\/2014\/10\/DSC04736.jpg?fit=1000%2C666&ssl=1&resize=350%2C200 1x, https:\/\/i0.wp.com\/oberschin.com\/wp-content\/uploads\/2014\/10\/DSC04736.jpg?fit=1000%2C666&ssl=1&resize=525%2C300 1.5x, https:\/\/i0.wp.com\/oberschin.com\/wp-content\/uploads\/2014\/10\/DSC04736.jpg?fit=1000%2C666&ssl=1&resize=700%2C400 2x"},"classes":[]},{"id":362,"url":"https:\/\/oberschin.com\/?p=362","url_meta":{"origin":1332,"position":4},"title":"Kleinkinder-Filzsocken","author":"oberschin","date":"2. Februar 2011","format":false,"excerpt":"Das ist jetzt mal ein ideales Projekt um Restenwolle aufzubrauchen... dachte ich mir. Leider ist das nicht so, denn man braucht \"Filz it fine\"-Wolle und strickt mit Nadelst\u00e4rke 5 und nicht, wie mit den Erwachsenen Filzsocken mit Nadelst\u00e4rke 8. Ich habe dann trotzdem noch ausprobiert, was geschieht, wenn ich etwas\u2026","rel":"","context":"In &quot;anleitungen&quot;","block_context":{"text":"anleitungen","link":"https:\/\/oberschin.com\/?cat=2"},"img":{"alt_text":"","src":"https:\/\/i0.wp.com\/oberschin.com\/wp-content\/uploads\/2014\/10\/DSC03994.jpg?fit=1000%2C666&ssl=1&resize=350%2C200","width":350,"height":200,"srcset":"https:\/\/i0.wp.com\/oberschin.com\/wp-content\/uploads\/2014\/10\/DSC03994.jpg?fit=1000%2C666&ssl=1&resize=350%2C200 1x, https:\/\/i0.wp.com\/oberschin.com\/wp-content\/uploads\/2014\/10\/DSC03994.jpg?fit=1000%2C666&ssl=1&resize=525%2C300 1.5x, https:\/\/i0.wp.com\/oberschin.com\/wp-content\/uploads\/2014\/10\/DSC03994.jpg?fit=1000%2C666&ssl=1&resize=700%2C400 2x"},"classes":[]},{"id":2012,"url":"https:\/\/oberschin.com\/?p=2012","url_meta":{"origin":1332,"position":5},"title":"Love &#038; Theft \u2013 Body #4","author":"oberschin","date":"27. Juni 2015","format":false,"excerpt":"Und dann stand ich vor einem Zitat, dass schrie nach einem schwarzen Stoff. Grau oder anthrazit finde ich ja in Ordnung. Und auch mit dunkelbraun kann gut leben, aber schwarz? Als ich dann meinen \"Zitat-Lieferanten\" nach seiner Meinung fragte, fand der nat\u00fcrlich, dass sei\u00a0\u00fcberhaupt kein Problem und eine andere Farbe\u2026","rel":"","context":"In &quot;kinderkleider&quot;","block_context":{"text":"kinderkleider","link":"https:\/\/oberschin.com\/?cat=1"},"img":{"alt_text":"","src":"https:\/\/i0.wp.com\/oberschin.com\/wp-content\/uploads\/2015\/05\/DSC07681.jpg?fit=1000%2C666&ssl=1&resize=350%2C200","width":350,"height":200,"srcset":"https:\/\/i0.wp.com\/oberschin.com\/wp-content\/uploads\/2015\/05\/DSC07681.jpg?fit=1000%2C666&ssl=1&resize=350%2C200 1x, https:\/\/i0.wp.com\/oberschin.com\/wp-content\/uploads\/2015\/05\/DSC07681.jpg?fit=1000%2C666&ssl=1&resize=525%2C300 1.5x, https:\/\/i0.wp.com\/oberschin.com\/wp-content\/uploads\/2015\/05\/DSC07681.jpg?fit=1000%2C666&ssl=1&resize=700%2C400 2x"},"classes":[]}],"jetpack_featured_media_url":"https:\/\/i0.wp.com\/oberschin.com\/wp-content\/uploads\/2013\/02\/DSC03847.jpg?fit=1000%2C666&ssl=1","_links":{"self":[{"href":"https:\/\/oberschin.com\/index.php?rest_route=\/wp\/v2\/posts\/1332","targetHints":{"allow":["GET"]}}],"collection":[{"href":"https:\/\/oberschin.com\/index.php?rest_route=\/wp\/v2\/posts"}],"about":[{"href":"https:\/\/oberschin.com\/index.php?rest_route=\/wp\/v2\/types\/post"}],"author":[{"embeddable":true,"href":"https:\/\/oberschin.com\/index.php?rest_route=\/wp\/v2\/users\/1"}],"replies":[{"embeddable":true,"href":"https:\/\/oberschin.com\/index.php?rest_route=%2Fwp%2Fv2%2Fcomments&post=1332"}],"version-history":[{"count":4,"href":"https:\/\/oberschin.com\/index.php?rest_route=\/wp\/v2\/posts\/1332\/revisions"}],"predecessor-version":[{"id":1442,"href":"https:\/\/oberschin.com\/index.php?rest_route=\/wp\/v2\/posts\/1332\/revisions\/1442"}],"wp:featuredmedia":[{"embeddable":true,"href":"https:\/\/oberschin.com\/index.php?rest_route=\/wp\/v2\/media\/1335"}],"wp:attachment":[{"href":"https:\/\/oberschin.com\/index.php?rest_route=%2Fwp%2Fv2%2Fmedia&parent=1332"}],"wp:term":[{"taxonomy":"category","embeddable":true,"href":"https:\/\/oberschin.com\/index.php?rest_route=%2Fwp%2Fv2%2Fcategories&post=1332"},{"taxonomy":"post_tag","embeddable":true,"href":"https:\/\/oberschin.com\/index.php?rest_route=%2Fwp%2Fv2%2Ftags&post=1332"}],"curies":[{"name":"wp","href":"https:\/\/api.w.org\/{rel}","templated":true}]}}