{"id":1153,"date":"2012-10-10T21:58:37","date_gmt":"2012-10-10T19:58:37","guid":{"rendered":"http:\/\/oberschin.com\/?p=1153"},"modified":"2014-10-23T21:59:21","modified_gmt":"2014-10-23T19:59:21","slug":"eischler-herbst-markt","status":"publish","type":"post","link":"https:\/\/oberschin.com\/?p=1153","title":{"rendered":"Eischler Herbst-Markt"},"content":{"rendered":"<p><span style=\"font-family: Courier;\">Ein weiterer Herbstmarkt steht an: ein <a href=\"http:\/\/eischoll.blogspot.ch\/2012\/09\/dorfmarkt-eischoll.html\" target=\"_blank\">kleiner Dorfmarkt<\/a> in den Bergen. <\/span><\/p>\n<p align=\"center\"><b><span style=\"font-family: Courier; font-size: large;\">1. Herbstmarkt in Eischoll<\/span><\/b><\/p>\n<p align=\"center\"><span style=\"font-family: Courier; font-size: medium;\"><b>am 20.10.12<\/b><\/span><\/p>\n<p align=\"center\"><span style=\"font-family: Courier; font-size: small;\">von 10h00- 16h00 auf dem Dorfplatz (bei schlechter Witterung im Burgersaal)<\/span><\/p>\n<p align=\"center\"><a href=\"https:\/\/i0.wp.com\/oberschin.com\/wp-content\/uploads\/2014\/10\/logo-Miis-Eischoll.jpg\"><img data-recalc-dims=\"1\" loading=\"lazy\" decoding=\"async\" data-attachment-id=\"1154\" data-permalink=\"https:\/\/oberschin.com\/?attachment_id=1154\" data-orig-file=\"https:\/\/i0.wp.com\/oberschin.com\/wp-content\/uploads\/2014\/10\/logo-Miis-Eischoll.jpg?fit=960%2C720&amp;ssl=1\" data-orig-size=\"960,720\" data-comments-opened=\"1\" data-image-meta=\"{&quot;aperture&quot;:&quot;0&quot;,&quot;credit&quot;:&quot;&quot;,&quot;camera&quot;:&quot;&quot;,&quot;caption&quot;:&quot;&quot;,&quot;created_timestamp&quot;:&quot;0&quot;,&quot;copyright&quot;:&quot;&quot;,&quot;focal_length&quot;:&quot;0&quot;,&quot;iso&quot;:&quot;0&quot;,&quot;shutter_speed&quot;:&quot;0&quot;,&quot;title&quot;:&quot;&quot;,&quot;orientation&quot;:&quot;0&quot;}\" data-image-title=\"logo-Miis-Eischoll\" data-image-description=\"\" data-image-caption=\"\" data-large-file=\"https:\/\/i0.wp.com\/oberschin.com\/wp-content\/uploads\/2014\/10\/logo-Miis-Eischoll.jpg?fit=620%2C465&amp;ssl=1\" class=\"aligncenter size-full wp-image-1154\" src=\"https:\/\/i0.wp.com\/oberschin.com\/wp-content\/uploads\/2014\/10\/logo-Miis-Eischoll.jpg?resize=620%2C465\" alt=\"logo-Miis-Eischoll\" width=\"620\" height=\"465\" srcset=\"https:\/\/i0.wp.com\/oberschin.com\/wp-content\/uploads\/2014\/10\/logo-Miis-Eischoll.jpg?w=960&amp;ssl=1 960w, https:\/\/i0.wp.com\/oberschin.com\/wp-content\/uploads\/2014\/10\/logo-Miis-Eischoll.jpg?resize=300%2C225&amp;ssl=1 300w, https:\/\/i0.wp.com\/oberschin.com\/wp-content\/uploads\/2014\/10\/logo-Miis-Eischoll.jpg?resize=700%2C525&amp;ssl=1 700w\" sizes=\"auto, (max-width: 620px) 100vw, 620px\" \/><\/a><\/p>\n<p align=\"left\"><span style=\"font-family: Courier; font-size: small;\">Es wird \u00fcber 20 St\u00e4nde mit selbstgemachten Artikeln geben. Von Honig und Schnaps \u00fcber handbemaltes Porzellan bis hin zu Saisonkarten f\u00fcrs Skigebiet wird es f\u00fcr alle was geben. Also wenn ihr auf der Suche nach einem Geschenk seid, schaut doch vorbei.<\/span><\/p>\n<p align=\"left\"><span style=\"font-family: Courier; font-size: small;\">Ich freue mich auf den Markt!<\/span><\/p>\n<p align=\"left\"><img data-recalc-dims=\"1\" loading=\"lazy\" decoding=\"async\" src=\"https:\/\/i0.wp.com\/oberschin.webs.com\/unterschrift.png?resize=84%2C36\" alt=\"\" width=\"84\" height=\"36\" \/><\/p>\n<p>&nbsp;<\/p>\n","protected":false},"excerpt":{"rendered":"<p>Ein weiterer Herbstmarkt steht an: ein kleiner Dorfmarkt in den Bergen. 1. Herbstmarkt in Eischoll am 20.10.12 von 10h00- 16h00 auf dem Dorfplatz (bei schlechter Witterung im Burgersaal)&#8230;<\/p>\n","protected":false},"author":1,"featured_media":0,"comment_status":"open","ping_status":"open","sticky":false,"template":"","format":"standard","meta":{"_jetpack_newsletter_access":"","_jetpack_dont_email_post_to_subs":false,"_jetpack_newsletter_tier_id":0,"_jetpack_memberships_contains_paywalled_content":false,"_jetpack_feature_clip_id":0,"_jetpack_memberships_contains_paid_content":false,"footnotes":"","jetpack_publicize_message":"","jetpack_publicize_feature_enabled":true,"jetpack_social_post_already_shared":false,"jetpack_social_options":{"image_generator_settings":{"template":"highway","default_image_id":0,"font":"","enabled":false},"version":2},"jetpack_post_was_ever_published":false},"categories":[10],"tags":[],"class_list":["post-1153","post","type-post","status-publish","format-standard","hentry","category-shop-news"],"jetpack_publicize_connections":[],"jetpack_sharing_enabled":true,"jetpack_shortlink":"https:\/\/wp.me\/p6KMDe-iB","jetpack-related-posts":[{"id":1032,"url":"https:\/\/oberschin.com\/?p=1032","url_meta":{"origin":1153,"position":0},"title":"Herbstmarkt in Ernen","author":"oberschin","date":"14. September 2012","format":false,"excerpt":"Mein liebstes Lesezeichen wurde mir verloren und nun habe ich es \"rekonstruiert\": aus einem St\u00fcckchen Leder-Rest, sch\u00f6nem Bauwollstoff und passendem Elastik (ein zerschnittener Sprung-Elastik). Ich finde das Prinzip genial. Das Buch ist so immer gut geschlossen und die Gefahr von eingeknickten Ecken und Eselsohren nimmt deutlich ab. Wer auch gerne\u2026","rel":"","context":"In &quot;shop news&quot;","block_context":{"text":"shop news","link":"https:\/\/oberschin.com\/?cat=10"},"img":{"alt_text":"","src":"https:\/\/i0.wp.com\/oberschin.com\/wp-content\/uploads\/2014\/10\/DSC02941.jpg?fit=1000%2C666&ssl=1&resize=350%2C200","width":350,"height":200,"srcset":"https:\/\/i0.wp.com\/oberschin.com\/wp-content\/uploads\/2014\/10\/DSC02941.jpg?fit=1000%2C666&ssl=1&resize=350%2C200 1x, https:\/\/i0.wp.com\/oberschin.com\/wp-content\/uploads\/2014\/10\/DSC02941.jpg?fit=1000%2C666&ssl=1&resize=525%2C300 1.5x, https:\/\/i0.wp.com\/oberschin.com\/wp-content\/uploads\/2014\/10\/DSC02941.jpg?fit=1000%2C666&ssl=1&resize=700%2C400 2x"},"classes":[]},{"id":2748,"url":"https:\/\/oberschin.com\/?p=2748","url_meta":{"origin":1153,"position":1},"title":"Einladung zum Herbstmarkt","author":"oberschin","date":"30. August 2016","format":false,"excerpt":"N\u00e4chsten Samstag ist es soweit! In einem der sch\u00f6nsten Oberwalliser D\u00f6rfer findet wohl einer der heimeligsten Herbstm\u00e4rkte \u00fcberhaupt statt. Vor einer Woche kam das Telefon meiner Schwester, dass dann am Samstag \"unser\" Herbstmarkt sei. Ich, die ich bis gerade eben, den sich anschleichenden Herbst erfolgreich ignoriert habe, war nat\u00fcrlich v\u00f6llig\u2026","rel":"","context":"In &quot;shop news&quot;","block_context":{"text":"shop news","link":"https:\/\/oberschin.com\/?cat=10"},"img":{"alt_text":"","src":"https:\/\/i0.wp.com\/oberschin.com\/wp-content\/uploads\/2016\/08\/DSC00061.jpg?fit=1000%2C666&ssl=1&resize=350%2C200","width":350,"height":200,"srcset":"https:\/\/i0.wp.com\/oberschin.com\/wp-content\/uploads\/2016\/08\/DSC00061.jpg?fit=1000%2C666&ssl=1&resize=350%2C200 1x, https:\/\/i0.wp.com\/oberschin.com\/wp-content\/uploads\/2016\/08\/DSC00061.jpg?fit=1000%2C666&ssl=1&resize=525%2C300 1.5x, https:\/\/i0.wp.com\/oberschin.com\/wp-content\/uploads\/2016\/08\/DSC00061.jpg?fit=1000%2C666&ssl=1&resize=700%2C400 2x"},"classes":[]},{"id":2859,"url":"https:\/\/oberschin.com\/?p=2859","url_meta":{"origin":1153,"position":2},"title":"Dorfmarkt im Herbst","author":"oberschin","date":"14. Oktober 2016","format":false,"excerpt":"Wir sind in den Ferien. Im Wallis. Und ich habe eine N\u00e4hmaschine hier. So konnte ich diese Woche noch ein paar Dinge fertigstellen. F\u00fcr den Dorfmarkt. Unseren Herbstmarkt. In Eischoll. Kommt doch vorbei! Wir w\u00fcrden uns freuen! Morgen Samstag, 15.10.2016 von 10-16 Uhr auf dem Dorfplatz in Eischoll.","rel":"","context":"In &quot;kinderkleider&quot;","block_context":{"text":"kinderkleider","link":"https:\/\/oberschin.com\/?cat=1"},"img":{"alt_text":"","src":"https:\/\/i0.wp.com\/oberschin.com\/wp-content\/uploads\/2016\/10\/img_0710.jpg?fit=632%2C910&ssl=1&resize=350%2C200","width":350,"height":200,"srcset":"https:\/\/i0.wp.com\/oberschin.com\/wp-content\/uploads\/2016\/10\/img_0710.jpg?fit=632%2C910&ssl=1&resize=350%2C200 1x, https:\/\/i0.wp.com\/oberschin.com\/wp-content\/uploads\/2016\/10\/img_0710.jpg?fit=632%2C910&ssl=1&resize=525%2C300 1.5x"},"classes":[]},{"id":1067,"url":"https:\/\/oberschin.com\/?p=1067","url_meta":{"origin":1153,"position":3},"title":"auf dem Herbstmarkt","author":"oberschin","date":"4. September 2014","format":false,"excerpt":"Obwohl der Sommer dieses Jahr gar nie so richtig da war, der Herbst der kommt trotzdem. Und damit auch die ganzen tollen Herbstm\u00e4rkte. (Bild von hier) Der erste bei dem wir - B\u00e4rlishop und oberschin - dabei sind, ist der Herbstmarkt vom Landschaftspark Binntal in Ernen. Samstag, 6.September 2014, 10-17\u2026","rel":"","context":"In &quot;shop news&quot;","block_context":{"text":"shop news","link":"https:\/\/oberschin.com\/?cat=10"},"img":{"alt_text":"154_1_panorama","src":"https:\/\/i0.wp.com\/oberschin.com\/wp-content\/uploads\/2014\/09\/154_1_panorama.jpg?resize=350%2C200","width":350,"height":200,"srcset":"https:\/\/i0.wp.com\/oberschin.com\/wp-content\/uploads\/2014\/09\/154_1_panorama.jpg?resize=350%2C200 1x, https:\/\/i0.wp.com\/oberschin.com\/wp-content\/uploads\/2014\/09\/154_1_panorama.jpg?resize=525%2C300 1.5x, https:\/\/i0.wp.com\/oberschin.com\/wp-content\/uploads\/2014\/09\/154_1_panorama.jpg?resize=700%2C400 2x"},"classes":[]},{"id":611,"url":"https:\/\/oberschin.com\/?p=611","url_meta":{"origin":1153,"position":4},"title":"Herbstmarkt in Ernen","author":"oberschin","date":"14. September 2011","format":false,"excerpt":"Ich fahre mal wieder an einen Markt, an den Herbstmarkt in Ernen! Und zwar zusammen mit dem B\u00e4rlishop. Vielleicht habt ihr Lust uns zu besuchen?","rel":"","context":"In &quot;shop news&quot;","block_context":{"text":"shop news","link":"https:\/\/oberschin.com\/?cat=10"},"img":{"alt_text":"","src":"https:\/\/i0.wp.com\/oberschin.com\/wp-content\/uploads\/2014\/10\/DSC02073_smaller.jpg?fit=1000%2C666&ssl=1&resize=350%2C200","width":350,"height":200,"srcset":"https:\/\/i0.wp.com\/oberschin.com\/wp-content\/uploads\/2014\/10\/DSC02073_smaller.jpg?fit=1000%2C666&ssl=1&resize=350%2C200 1x, https:\/\/i0.wp.com\/oberschin.com\/wp-content\/uploads\/2014\/10\/DSC02073_smaller.jpg?fit=1000%2C666&ssl=1&resize=525%2C300 1.5x, https:\/\/i0.wp.com\/oberschin.com\/wp-content\/uploads\/2014\/10\/DSC02073_smaller.jpg?fit=1000%2C666&ssl=1&resize=700%2C400 2x"},"classes":[]},{"id":623,"url":"https:\/\/oberschin.com\/?p=623","url_meta":{"origin":1153,"position":5},"title":"Herbstmarkt","author":"oberschin","date":"19. September 2011","format":false,"excerpt":"Wir habens sch\u00f6n gehabt in Ernen! \u00a0 Das Wetter war den ganzen Vormittag \u00fcber perfekt... Mitte Nachmittag wurde es dann leider etwas nass und sehr k\u00fchl... aber alles in allem durften wir einen wirklich netten Tag verbringen! Herzlichen Dank den vielen Besuchern: ob verwandt, befreundet oder unbekannt... Wir haben uns\u2026","rel":"","context":"In &quot;shop news&quot;","block_context":{"text":"shop news","link":"https:\/\/oberschin.com\/?cat=10"},"img":{"alt_text":"","src":"https:\/\/i0.wp.com\/oberschin.com\/wp-content\/uploads\/2014\/10\/Ernen_Herbst2011.jpg?fit=1000%2C667&ssl=1&resize=350%2C200","width":350,"height":200,"srcset":"https:\/\/i0.wp.com\/oberschin.com\/wp-content\/uploads\/2014\/10\/Ernen_Herbst2011.jpg?fit=1000%2C667&ssl=1&resize=350%2C200 1x, https:\/\/i0.wp.com\/oberschin.com\/wp-content\/uploads\/2014\/10\/Ernen_Herbst2011.jpg?fit=1000%2C667&ssl=1&resize=525%2C300 1.5x, https:\/\/i0.wp.com\/oberschin.com\/wp-content\/uploads\/2014\/10\/Ernen_Herbst2011.jpg?fit=1000%2C667&ssl=1&resize=700%2C400 2x"},"classes":[]}],"jetpack_featured_media_url":"","_links":{"self":[{"href":"https:\/\/oberschin.com\/index.php?rest_route=\/wp\/v2\/posts\/1153","targetHints":{"allow":["GET"]}}],"collection":[{"href":"https:\/\/oberschin.com\/index.php?rest_route=\/wp\/v2\/posts"}],"about":[{"href":"https:\/\/oberschin.com\/index.php?rest_route=\/wp\/v2\/types\/post"}],"author":[{"embeddable":true,"href":"https:\/\/oberschin.com\/index.php?rest_route=\/wp\/v2\/users\/1"}],"replies":[{"embeddable":true,"href":"https:\/\/oberschin.com\/index.php?rest_route=%2Fwp%2Fv2%2Fcomments&post=1153"}],"version-history":[{"count":1,"href":"https:\/\/oberschin.com\/index.php?rest_route=\/wp\/v2\/posts\/1153\/revisions"}],"predecessor-version":[{"id":1155,"href":"https:\/\/oberschin.com\/index.php?rest_route=\/wp\/v2\/posts\/1153\/revisions\/1155"}],"wp:attachment":[{"href":"https:\/\/oberschin.com\/index.php?rest_route=%2Fwp%2Fv2%2Fmedia&parent=1153"}],"wp:term":[{"taxonomy":"category","embeddable":true,"href":"https:\/\/oberschin.com\/index.php?rest_route=%2Fwp%2Fv2%2Fcategories&post=1153"},{"taxonomy":"post_tag","embeddable":true,"href":"https:\/\/oberschin.com\/index.php?rest_route=%2Fwp%2Fv2%2Ftags&post=1153"}],"curies":[{"name":"wp","href":"https:\/\/api.w.org\/{rel}","templated":true}]}}