{"id":485,"date":"2011-05-14T13:37:01","date_gmt":"2011-05-14T11:37:01","guid":{"rendered":"http:\/\/oberschin.com\/?p=485"},"modified":"2014-10-11T13:37:16","modified_gmt":"2014-10-11T11:37:16","slug":"noch-ein-sommerjaeckli","status":"publish","type":"post","link":"http:\/\/oberschin.com\/?p=485","title":{"rendered":"noch ein Sommerj\u00e4ckli"},"content":{"rendered":"<p><span style=\"font-family: Courier;\">Und dann habe ich noch ein drittes Oberteil f\u00fcr den <a href=\"http:\/\/www.made-by-rae.com\/2011\/04\/its-time-for-spring-top-sewalong.html\" target=\"_blank\">Fr\u00fchlingswettbewerb<\/a> ausgegraben. Ich habe es gut 2 Wochen gen\u00e4ht und auch schon getragen&#8230; aber hier einfach noch nichts davon erz\u00e4hlt.<br \/>\n<\/span><\/p>\n<p align=\"center\"><span style=\"font-family: Courier;\">\u00a0<a href=\"https:\/\/i0.wp.com\/oberschin.com\/wp-content\/uploads\/2014\/10\/sommerjaeckli_blau_collage.jpg\"><img data-recalc-dims=\"1\" loading=\"lazy\" decoding=\"async\" data-attachment-id=\"487\" data-permalink=\"http:\/\/oberschin.com\/?attachment_id=487\" data-orig-file=\"https:\/\/i0.wp.com\/oberschin.com\/wp-content\/uploads\/2014\/10\/sommerjaeckli_blau_collage.jpg?fit=1154%2C400\" data-orig-size=\"1154,400\" data-comments-opened=\"1\" data-image-meta=\"{&quot;aperture&quot;:&quot;0&quot;,&quot;credit&quot;:&quot;&quot;,&quot;camera&quot;:&quot;&quot;,&quot;caption&quot;:&quot;&quot;,&quot;created_timestamp&quot;:&quot;0&quot;,&quot;copyright&quot;:&quot;&quot;,&quot;focal_length&quot;:&quot;0&quot;,&quot;iso&quot;:&quot;0&quot;,&quot;shutter_speed&quot;:&quot;0&quot;,&quot;title&quot;:&quot;&quot;,&quot;orientation&quot;:&quot;1&quot;}\" data-image-title=\"sommerjaeckli_blau_collage\" data-image-description=\"\" data-image-caption=\"\" data-large-file=\"https:\/\/i0.wp.com\/oberschin.com\/wp-content\/uploads\/2014\/10\/sommerjaeckli_blau_collage.jpg?fit=620%2C214\" class=\"aligncenter wp-image-487\" src=\"https:\/\/i0.wp.com\/oberschin.com\/wp-content\/uploads\/2014\/10\/sommerjaeckli_blau_collage.jpg?resize=620%2C215\" alt=\"sommerjaeckli_blau_collage\" width=\"620\" height=\"215\" srcset=\"https:\/\/i0.wp.com\/oberschin.com\/wp-content\/uploads\/2014\/10\/sommerjaeckli_blau_collage.jpg?w=1154 1154w, https:\/\/i0.wp.com\/oberschin.com\/wp-content\/uploads\/2014\/10\/sommerjaeckli_blau_collage.jpg?resize=300%2C103 300w, https:\/\/i0.wp.com\/oberschin.com\/wp-content\/uploads\/2014\/10\/sommerjaeckli_blau_collage.jpg?resize=1024%2C354 1024w, https:\/\/i0.wp.com\/oberschin.com\/wp-content\/uploads\/2014\/10\/sommerjaeckli_blau_collage.jpg?resize=700%2C242 700w\" sizes=\"auto, (max-width: 620px) 100vw, 620px\" \/><\/a><\/span><\/p>\n<p align=\"left\"><span style=\"font-family: Courier;\">Das J\u00e4ckli ist wieder aus Leinenstrick, diesemal allerdings in blau. Der Stoff ist etwas leichter und weicher als der <a href=\"http:\/\/oberschin.com\/?p=467\" target=\"_blank\">gr\u00fcne<\/a>.<\/span><\/p>\n<p align=\"left\"><span style=\"font-family: Courier;\">Die Seitenn\u00e4hte habe ich mit der Overlock gemacht. Die Schultern\u00e4hte auch (mit Avalonfolie verst\u00e4rkt). Erinnert ihr euch <a href=\"http:\/\/oberschin.com\/?p=430\" target=\"_blank\">daran<\/a>? Der Saum unten und an den \u00c4rmeln habe ich ganz plump mit der Overlock vers\u00e4ubert und dann nur einmal gefaltet und abgestept&#8230;<br \/>\n<\/span><\/p>\n<p align=\"left\"><span style=\"font-family: Courier;\">F\u00fcr die Abn\u00e4her und Falten musste ich meine <a href=\"http:\/\/www.amazon.de\/Complete-Guide-Sewing-Step---Step\/dp\/0276444167\/ref=sr_1_5?ie=UTF8&amp;qid=1305366297&amp;sr=8-5\" target=\"_blank\">N\u00e4hbibel<\/a> zur Hand nehmen, denn ich hatte keine Ahnung wie man das macht und aus dem Musterb\u00fcchlein war es nicht ersichtlich, f\u00fcr mich zumindest nicht.<\/span><\/p>\n<p align=\"left\"><span style=\"font-family: Courier;\">Der Ausschnitt wird mit Schr\u00e4gband eingefasst&#8230; Strickstoff-Schr\u00e4gband, dass kann ja nicht gut gehen, dachte ich mir. Aber es ist eigentlich ganz einfach und gar nicht viel anders als bei normalem Stoff. Man muss einfach darauf achten, alles gut festzustecken oder evt. sogar mit &#8222;Fadenschlag&#8220; vorzuheften.<br \/>\n<\/span><\/p>\n<p align=\"left\"><span style=\"font-family: Courier;\">Dann habe ich &#8211; ohwohl das im Muster zwar nicht vorgesehen war &#8211; noch einen klitzekleinen Druckknopf drangen\u00e4ht. Ich finde das praktischer, als wenns einfach nur so runterh\u00e4ngt.<\/span><\/p>\n<p align=\"center\"><span style=\"font-family: Courier;\"><a href=\"https:\/\/i0.wp.com\/oberschin.com\/wp-content\/uploads\/2014\/10\/DSC05198_croped2.jpg\"><img data-recalc-dims=\"1\" loading=\"lazy\" decoding=\"async\" data-attachment-id=\"486\" data-permalink=\"http:\/\/oberschin.com\/?attachment_id=486\" data-orig-file=\"https:\/\/i0.wp.com\/oberschin.com\/wp-content\/uploads\/2014\/10\/DSC05198_croped2.jpg?fit=800%2C800\" data-orig-size=\"800,800\" data-comments-opened=\"1\" data-image-meta=\"{&quot;aperture&quot;:&quot;0&quot;,&quot;credit&quot;:&quot;&quot;,&quot;camera&quot;:&quot;&quot;,&quot;caption&quot;:&quot;&quot;,&quot;created_timestamp&quot;:&quot;0&quot;,&quot;copyright&quot;:&quot;&quot;,&quot;focal_length&quot;:&quot;0&quot;,&quot;iso&quot;:&quot;0&quot;,&quot;shutter_speed&quot;:&quot;0&quot;,&quot;title&quot;:&quot;&quot;,&quot;orientation&quot;:&quot;0&quot;}\" data-image-title=\"DSC05198_croped2\" data-image-description=\"\" data-image-caption=\"\" data-large-file=\"https:\/\/i0.wp.com\/oberschin.com\/wp-content\/uploads\/2014\/10\/DSC05198_croped2.jpg?fit=620%2C620\" class=\"aligncenter wp-image-486\" src=\"https:\/\/i0.wp.com\/oberschin.com\/wp-content\/uploads\/2014\/10\/DSC05198_croped2.jpg?resize=620%2C620\" alt=\"DSC05198_croped2\" width=\"620\" height=\"620\" srcset=\"https:\/\/i0.wp.com\/oberschin.com\/wp-content\/uploads\/2014\/10\/DSC05198_croped2.jpg?w=800 800w, https:\/\/i0.wp.com\/oberschin.com\/wp-content\/uploads\/2014\/10\/DSC05198_croped2.jpg?resize=150%2C150 150w, https:\/\/i0.wp.com\/oberschin.com\/wp-content\/uploads\/2014\/10\/DSC05198_croped2.jpg?resize=300%2C300 300w, https:\/\/i0.wp.com\/oberschin.com\/wp-content\/uploads\/2014\/10\/DSC05198_croped2.jpg?resize=700%2C700 700w\" sizes=\"auto, (max-width: 620px) 100vw, 620px\" \/><\/a><\/span><\/p>\n<p align=\"left\"><span style=\"font-family: Courier;\">Der Schnitt ist von <a href=\"http:\/\/www.etsy.com\/listing\/59974379\/happy-homemade-wardrobe-vol-1-japanese\" target=\"_blank\">hier<\/a> (japnaisch nat\u00fcrlich).<br \/>\n<\/span><\/p>\n<p align=\"left\"><img data-recalc-dims=\"1\" loading=\"lazy\" decoding=\"async\" src=\"https:\/\/i0.wp.com\/oberschin.webs.com\/\/unterschrift.png?resize=70%2C30\" alt=\"\" width=\"70\" height=\"30\" \/><\/p>\n<p>&nbsp;<\/p>\n","protected":false},"excerpt":{"rendered":"<p>Und dann habe ich noch ein drittes Oberteil f\u00fcr den Fr\u00fchlingswettbewerb ausgegraben. Ich habe es gut 2 Wochen gen\u00e4ht und auch schon getragen&#8230; aber hier einfach noch nichts&#8230;<\/p>\n","protected":false},"author":1,"featured_media":486,"comment_status":"open","ping_status":"open","sticky":false,"template":"","format":"standard","meta":{"jetpack_post_was_ever_published":false,"_jetpack_newsletter_access":"","_jetpack_dont_email_post_to_subs":false,"_jetpack_newsletter_tier_id":0,"_jetpack_memberships_contains_paywalled_content":false,"_jetpack_memberships_contains_paid_content":false,"footnotes":"","jetpack_publicize_message":"","jetpack_publicize_feature_enabled":true,"jetpack_social_post_already_shared":false,"jetpack_social_options":{"image_generator_settings":{"template":"highway","default_image_id":0,"font":"","enabled":false},"version":2}},"categories":[17,5],"tags":[],"class_list":["post-485","post","type-post","status-publish","format-standard","has-post-thumbnail","hentry","category-japanisch-naehen","category-kleider-fuer-die-frau"],"jetpack_publicize_connections":[],"jetpack_featured_media_url":"https:\/\/i0.wp.com\/oberschin.com\/wp-content\/uploads\/2014\/10\/DSC05198_croped2.jpg?fit=800%2C800","jetpack_sharing_enabled":true,"jetpack_shortlink":"https:\/\/wp.me\/p6KMDe-7P","jetpack-related-posts":[{"id":2213,"url":"http:\/\/oberschin.com\/?p=2213","url_meta":{"origin":485,"position":0},"title":"Lies Coverliebe&#8230;","author":"oberschin","date":"4. November 2016","format":false,"excerpt":"...sagt die lesende Minderheit. Also ein Buch, bei dem einem das Cover gef\u00e4llt. Ich finde das Cover von \"Der Distelfink\" sehr h\u00fcbsch. Von Donna Tarrt. Mir gef\u00e4llt das Buch in seiner ganzen Erscheinung. Ich habe die Hard-Cover Version und das Buch ist so ein richtiges Buch halt eben. Eines zum\u2026","rel":"","context":"In &quot;b\u00fccherwelt&quot;","block_context":{"text":"b\u00fccherwelt","link":"http:\/\/oberschin.com\/?cat=18"},"img":{"alt_text":"","src":"https:\/\/i0.wp.com\/oberschin.com\/wp-content\/uploads\/2016\/11\/Distelfink-1.jpg?fit=1000%2C707&resize=350%2C200","width":350,"height":200,"srcset":"https:\/\/i0.wp.com\/oberschin.com\/wp-content\/uploads\/2016\/11\/Distelfink-1.jpg?fit=1000%2C707&resize=350%2C200 1x, https:\/\/i0.wp.com\/oberschin.com\/wp-content\/uploads\/2016\/11\/Distelfink-1.jpg?fit=1000%2C707&resize=525%2C300 1.5x, https:\/\/i0.wp.com\/oberschin.com\/wp-content\/uploads\/2016\/11\/Distelfink-1.jpg?fit=1000%2C707&resize=700%2C400 2x"},"classes":[]},{"id":2387,"url":"http:\/\/oberschin.com\/?p=2387","url_meta":{"origin":485,"position":1},"title":"MMM #29 &#8211; mit meiner ersten Hose","author":"oberschin","date":"2. Dezember 2015","format":false,"excerpt":"Nach langem Z\u00f6gern, aber vor allem weil mir im Moment - Stillen sei dank - alle Hosen etwas zu locker sitzen, habe ich mich an meine erste Hose gewagt. Und ich bin ganz zufrieden mit dem Resultat. Schaut mal: Die sitzt definitiv nicht zu locker... vielleicht sogar eher zu eng?\u2026","rel":"","context":"In &quot;kleider f\u00fcr die frau&quot;","block_context":{"text":"kleider f\u00fcr die frau","link":"http:\/\/oberschin.com\/?cat=5"},"img":{"alt_text":"","src":"https:\/\/i0.wp.com\/oberschin.com\/wp-content\/uploads\/2015\/12\/DSC08657.jpg?fit=1000%2C666&resize=350%2C200","width":350,"height":200,"srcset":"https:\/\/i0.wp.com\/oberschin.com\/wp-content\/uploads\/2015\/12\/DSC08657.jpg?fit=1000%2C666&resize=350%2C200 1x, https:\/\/i0.wp.com\/oberschin.com\/wp-content\/uploads\/2015\/12\/DSC08657.jpg?fit=1000%2C666&resize=525%2C300 1.5x, https:\/\/i0.wp.com\/oberschin.com\/wp-content\/uploads\/2015\/12\/DSC08657.jpg?fit=1000%2C666&resize=700%2C400 2x"},"classes":[]},{"id":2112,"url":"http:\/\/oberschin.com\/?p=2112","url_meta":{"origin":485,"position":2},"title":"Sternen-Pyjama","author":"oberschin","date":"29. August 2015","format":false,"excerpt":"Pyjama-Schnittmuster gibt es nur ganz wenige und irgendwie hat mich bis jetzt noch keines \u00fcberzeugt... darum habe ich auch noch keines gekauft... Yva hat mich dann dazu ermutigt, doch einfach einen beliebigen Schnitt f\u00fcr Shirt und Hose zu verwenden. Und nach langem Hin und Her habe ich das nun auch\u2026","rel":"","context":"In &quot;japanisch n\u00e4hen&quot;","block_context":{"text":"japanisch n\u00e4hen","link":"http:\/\/oberschin.com\/?cat=17"},"img":{"alt_text":"","src":"https:\/\/i0.wp.com\/oberschin.com\/wp-content\/uploads\/2015\/08\/DSC07937.jpg?fit=798%2C1200&resize=350%2C200","width":350,"height":200,"srcset":"https:\/\/i0.wp.com\/oberschin.com\/wp-content\/uploads\/2015\/08\/DSC07937.jpg?fit=798%2C1200&resize=350%2C200 1x, https:\/\/i0.wp.com\/oberschin.com\/wp-content\/uploads\/2015\/08\/DSC07937.jpg?fit=798%2C1200&resize=525%2C300 1.5x, https:\/\/i0.wp.com\/oberschin.com\/wp-content\/uploads\/2015\/08\/DSC07937.jpg?fit=798%2C1200&resize=700%2C400 2x"},"classes":[]},{"id":3073,"url":"http:\/\/oberschin.com\/?p=3073","url_meta":{"origin":485,"position":3},"title":"MaThiLa","author":"oberschin","date":"7. Februar 2018","format":false,"excerpt":"Ich habe nur wenige nahe Bekannte, die dem gleichen Hobby fr\u00f6nen wie ich. Schade eigentlich. Aber ein Cousinchen z\u00e4hlt dazu. Die n\u00e4ht noch mehr als ich. Und sie hat kleine Kinder im \u00e4hnlichen Alter, wie die unsern. Das passt wunderbar. Gemeinsam Dinge unternehmen und sich austauschen, w\u00e4hrendem die Kinder spielen\u2026","rel":"","context":"In &quot;kinderkleider&quot;","block_context":{"text":"kinderkleider","link":"http:\/\/oberschin.com\/?cat=1"},"img":{"alt_text":"","src":"https:\/\/i0.wp.com\/oberschin.com\/wp-content\/uploads\/2017\/10\/DSC00008.jpg?fit=1000%2C666&resize=350%2C200","width":350,"height":200,"srcset":"https:\/\/i0.wp.com\/oberschin.com\/wp-content\/uploads\/2017\/10\/DSC00008.jpg?fit=1000%2C666&resize=350%2C200 1x, https:\/\/i0.wp.com\/oberschin.com\/wp-content\/uploads\/2017\/10\/DSC00008.jpg?fit=1000%2C666&resize=525%2C300 1.5x, https:\/\/i0.wp.com\/oberschin.com\/wp-content\/uploads\/2017\/10\/DSC00008.jpg?fit=1000%2C666&resize=700%2C400 2x"},"classes":[]},{"id":1556,"url":"http:\/\/oberschin.com\/?p=1556","url_meta":{"origin":485,"position":4},"title":"Weihnachtskleid &#8211; sew along 2013 &#8211; Finale","author":"oberschin","date":"23. Dezember 2013","format":false,"excerpt":"Oje, das war jetzt wirklich ein bisschen eine Zangengeburt... Ich habe mich - dank den netten Kommentaren beim letzten Eintrag - entschieden, die vordere Kr\u00e4uselnaht noch einmal aufzutrennen. Dann habe ich lange \u00fcberlegt, ob ich das Kleid stillfreundlich machen soll. Ich habe mir sogar schon das Schnittmuster \"Martha\" vom Milchmonster\u2026","rel":"","context":"In &quot;japanisch n\u00e4hen&quot;","block_context":{"text":"japanisch n\u00e4hen","link":"http:\/\/oberschin.com\/?cat=17"},"img":{"alt_text":"","src":"https:\/\/i0.wp.com\/oberschin.com\/wp-content\/uploads\/2014\/10\/DSC05010.jpg?fit=1000%2C666&resize=350%2C200","width":350,"height":200,"srcset":"https:\/\/i0.wp.com\/oberschin.com\/wp-content\/uploads\/2014\/10\/DSC05010.jpg?fit=1000%2C666&resize=350%2C200 1x, https:\/\/i0.wp.com\/oberschin.com\/wp-content\/uploads\/2014\/10\/DSC05010.jpg?fit=1000%2C666&resize=525%2C300 1.5x, https:\/\/i0.wp.com\/oberschin.com\/wp-content\/uploads\/2014\/10\/DSC05010.jpg?fit=1000%2C666&resize=700%2C400 2x"},"classes":[]},{"id":2658,"url":"http:\/\/oberschin.com\/?p=2658","url_meta":{"origin":485,"position":5},"title":"Schwalben um den Hals","author":"oberschin","date":"19. Juni 2016","format":false,"excerpt":"Mein letzter Abstecher im Stoffladen hat dazu gef\u00fchrt, dass ich mal wieder was gekauft habe, das ich eigentlich gar nicht haben wollte. Also haben wollte ich es schon, aber gebraucht h\u00e4tte ich es nicht wirklich. Nun ist der Stoff aber kaum gekauft auch schon vern\u00e4ht und das Produkt wird\u00a0 fleissig\u2026","rel":"","context":"In &quot;kleider f\u00fcr die frau&quot;","block_context":{"text":"kleider f\u00fcr die frau","link":"http:\/\/oberschin.com\/?cat=5"},"img":{"alt_text":"","src":"https:\/\/i0.wp.com\/oberschin.com\/wp-content\/uploads\/2016\/06\/DSC09666.jpg?fit=775%2C1200&resize=350%2C200","width":350,"height":200,"srcset":"https:\/\/i0.wp.com\/oberschin.com\/wp-content\/uploads\/2016\/06\/DSC09666.jpg?fit=775%2C1200&resize=350%2C200 1x, https:\/\/i0.wp.com\/oberschin.com\/wp-content\/uploads\/2016\/06\/DSC09666.jpg?fit=775%2C1200&resize=525%2C300 1.5x, https:\/\/i0.wp.com\/oberschin.com\/wp-content\/uploads\/2016\/06\/DSC09666.jpg?fit=775%2C1200&resize=700%2C400 2x"},"classes":[]}],"_links":{"self":[{"href":"http:\/\/oberschin.com\/index.php?rest_route=\/wp\/v2\/posts\/485","targetHints":{"allow":["GET"]}}],"collection":[{"href":"http:\/\/oberschin.com\/index.php?rest_route=\/wp\/v2\/posts"}],"about":[{"href":"http:\/\/oberschin.com\/index.php?rest_route=\/wp\/v2\/types\/post"}],"author":[{"embeddable":true,"href":"http:\/\/oberschin.com\/index.php?rest_route=\/wp\/v2\/users\/1"}],"replies":[{"embeddable":true,"href":"http:\/\/oberschin.com\/index.php?rest_route=%2Fwp%2Fv2%2Fcomments&post=485"}],"version-history":[{"count":1,"href":"http:\/\/oberschin.com\/index.php?rest_route=\/wp\/v2\/posts\/485\/revisions"}],"predecessor-version":[{"id":488,"href":"http:\/\/oberschin.com\/index.php?rest_route=\/wp\/v2\/posts\/485\/revisions\/488"}],"wp:featuredmedia":[{"embeddable":true,"href":"http:\/\/oberschin.com\/index.php?rest_route=\/wp\/v2\/media\/486"}],"wp:attachment":[{"href":"http:\/\/oberschin.com\/index.php?rest_route=%2Fwp%2Fv2%2Fmedia&parent=485"}],"wp:term":[{"taxonomy":"category","embeddable":true,"href":"http:\/\/oberschin.com\/index.php?rest_route=%2Fwp%2Fv2%2Fcategories&post=485"},{"taxonomy":"post_tag","embeddable":true,"href":"http:\/\/oberschin.com\/index.php?rest_route=%2Fwp%2Fv2%2Ftags&post=485"}],"curies":[{"name":"wp","href":"https:\/\/api.w.org\/{rel}","templated":true}]}}