{"id":479,"date":"2011-05-10T13:24:22","date_gmt":"2011-05-10T11:24:22","guid":{"rendered":"http:\/\/oberschin.com\/?p=479"},"modified":"2015-10-18T22:26:39","modified_gmt":"2015-10-18T20:26:39","slug":"479","status":"publish","type":"post","link":"http:\/\/oberschin.com\/?p=479","title":{"rendered":"Fr\u00fchlingsbluse"},"content":{"rendered":"<p align=\"left\"><span style=\"font-family: Courier;\">Wer n\u00e4ht das sch\u00f6nste Fr\u00fchlings-Oberteil? <a href=\"http:\/\/www.made-by-rae.com\/2011\/04\/its-time-for-spring-top-sewalong.html\" target=\"_blank\">Rae<\/a> hat diesen Wettbewerb gestartet und da habe ich mich entschlossen, dass ich eins zwei meiner selbstgen\u00e4hten Sachen hochladen werde&#8230; wer weiss, vielleicht gewinne ich mal was. <img data-recalc-dims=\"1\" decoding=\"async\" src=\"https:\/\/i0.wp.com\/static.websimages.com\/JS\/Punymce\/plugins\/emoticons\/img\/smile.gif?w=620\" alt=\":)\" \/><br \/>\n<\/span><\/p>\n<p align=\"left\"><span style=\"font-family: Courier;\"><a href=\"https:\/\/i0.wp.com\/oberschin.com\/wp-content\/uploads\/2014\/10\/SpringTop2011yellowlg.png\"><img data-recalc-dims=\"1\" loading=\"lazy\" decoding=\"async\" data-attachment-id=\"482\" data-permalink=\"http:\/\/oberschin.com\/?attachment_id=482\" data-orig-file=\"https:\/\/i0.wp.com\/oberschin.com\/wp-content\/uploads\/2014\/10\/SpringTop2011yellowlg.png?fit=400%2C344\" data-orig-size=\"400,344\" data-comments-opened=\"1\" data-image-meta=\"{&quot;aperture&quot;:&quot;0&quot;,&quot;credit&quot;:&quot;&quot;,&quot;camera&quot;:&quot;&quot;,&quot;caption&quot;:&quot;&quot;,&quot;created_timestamp&quot;:&quot;0&quot;,&quot;copyright&quot;:&quot;&quot;,&quot;focal_length&quot;:&quot;0&quot;,&quot;iso&quot;:&quot;0&quot;,&quot;shutter_speed&quot;:&quot;0&quot;,&quot;title&quot;:&quot;&quot;,&quot;orientation&quot;:&quot;0&quot;}\" data-image-title=\"SpringTop2011yellowlg\" data-image-description=\"\" data-image-caption=\"\" data-large-file=\"https:\/\/i0.wp.com\/oberschin.com\/wp-content\/uploads\/2014\/10\/SpringTop2011yellowlg.png?fit=400%2C344\" class=\"aligncenter wp-image-482\" src=\"https:\/\/i0.wp.com\/oberschin.com\/wp-content\/uploads\/2014\/10\/SpringTop2011yellowlg.png?resize=620%2C533\" alt=\"SpringTop2011yellowlg\" width=\"620\" height=\"533\" srcset=\"https:\/\/i0.wp.com\/oberschin.com\/wp-content\/uploads\/2014\/10\/SpringTop2011yellowlg.png?w=400 400w, https:\/\/i0.wp.com\/oberschin.com\/wp-content\/uploads\/2014\/10\/SpringTop2011yellowlg.png?resize=300%2C258 300w\" sizes=\"auto, (max-width: 620px) 100vw, 620px\" \/><\/a><\/span><\/p>\n<p align=\"left\"><span style=\"font-family: Courier;\">Als erstes habe ich mein <a href=\"http:\/\/oberschin.com\/?p=467\" target=\"_blank\">Sommerj\u00e4ckli<\/a> &#8222;ausgestellt&#8220;. Gestern Abend habe ich dann noch schnell diese <\/span><span style=\"font-family: Courier; font-size: large;\">blumige<\/span> <span style=\"font-family: Courier; font-size: large;\">Bluse<\/span><span style=\"font-family: Courier;\"> beendet, damit ein zweites Oberteil von mir mitmachen kann&#8230; heute ist n\u00e4mlich der Teilnahmeschluss.<\/span><\/p>\n<p align=\"center\"><span style=\"font-family: Courier;\"><span style=\"font-family: Courier;\"><a href=\"https:\/\/i0.wp.com\/oberschin.com\/wp-content\/uploads\/2014\/10\/DSC05172.jpg\"><img data-recalc-dims=\"1\" loading=\"lazy\" decoding=\"async\" data-attachment-id=\"480\" data-permalink=\"http:\/\/oberschin.com\/?attachment_id=480\" data-orig-file=\"https:\/\/i0.wp.com\/oberschin.com\/wp-content\/uploads\/2014\/10\/DSC05172.jpg?fit=1000%2C1503\" data-orig-size=\"1000,1503\" data-comments-opened=\"1\" data-image-meta=\"{&quot;aperture&quot;:&quot;5&quot;,&quot;credit&quot;:&quot;&quot;,&quot;camera&quot;:&quot;DSLR-A350&quot;,&quot;caption&quot;:&quot;&quot;,&quot;created_timestamp&quot;:&quot;1305010786&quot;,&quot;copyright&quot;:&quot;&quot;,&quot;focal_length&quot;:&quot;35&quot;,&quot;iso&quot;:&quot;400&quot;,&quot;shutter_speed&quot;:&quot;0.16666666666667&quot;,&quot;title&quot;:&quot;SONY DSC&quot;,&quot;orientation&quot;:&quot;1&quot;}\" data-image-title=\"SONY DSC\" data-image-description=\"\" data-image-caption=\"\" data-large-file=\"https:\/\/i0.wp.com\/oberschin.com\/wp-content\/uploads\/2014\/10\/DSC05172.jpg?fit=620%2C932\" class=\"aligncenter wp-image-480\" src=\"https:\/\/i0.wp.com\/oberschin.com\/wp-content\/uploads\/2014\/10\/DSC05172.jpg?resize=620%2C932\" alt=\"SONY DSC\" width=\"620\" height=\"932\" srcset=\"https:\/\/i0.wp.com\/oberschin.com\/wp-content\/uploads\/2014\/10\/DSC05172.jpg?w=1000 1000w, https:\/\/i0.wp.com\/oberschin.com\/wp-content\/uploads\/2014\/10\/DSC05172.jpg?resize=199%2C300 199w, https:\/\/i0.wp.com\/oberschin.com\/wp-content\/uploads\/2014\/10\/DSC05172.jpg?resize=681%2C1024 681w, https:\/\/i0.wp.com\/oberschin.com\/wp-content\/uploads\/2014\/10\/DSC05172.jpg?resize=700%2C1052 700w\" sizes=\"auto, (max-width: 620px) 100vw, 620px\" \/><\/a><\/span>\u00a0\u00a0\u00a0<span style=\"font-family: Courier;\"><a href=\"https:\/\/i0.wp.com\/oberschin.com\/wp-content\/uploads\/2014\/10\/DSC05174.jpg\"><img data-recalc-dims=\"1\" loading=\"lazy\" decoding=\"async\" data-attachment-id=\"481\" data-permalink=\"http:\/\/oberschin.com\/?attachment_id=481\" data-orig-file=\"https:\/\/i0.wp.com\/oberschin.com\/wp-content\/uploads\/2014\/10\/DSC05174.jpg?fit=1000%2C666\" data-orig-size=\"1000,666\" data-comments-opened=\"1\" data-image-meta=\"{&quot;aperture&quot;:&quot;5&quot;,&quot;credit&quot;:&quot;&quot;,&quot;camera&quot;:&quot;DSLR-A350&quot;,&quot;caption&quot;:&quot;&quot;,&quot;created_timestamp&quot;:&quot;1305010792&quot;,&quot;copyright&quot;:&quot;&quot;,&quot;focal_length&quot;:&quot;50&quot;,&quot;iso&quot;:&quot;400&quot;,&quot;shutter_speed&quot;:&quot;0.25&quot;,&quot;title&quot;:&quot;SONY DSC&quot;,&quot;orientation&quot;:&quot;1&quot;}\" data-image-title=\"SONY DSC\" data-image-description=\"\" data-image-caption=\"\" data-large-file=\"https:\/\/i0.wp.com\/oberschin.com\/wp-content\/uploads\/2014\/10\/DSC05174.jpg?fit=620%2C413\" class=\"aligncenter wp-image-481\" src=\"https:\/\/i0.wp.com\/oberschin.com\/wp-content\/uploads\/2014\/10\/DSC05174.jpg?resize=620%2C413\" alt=\"SONY DSC\" width=\"620\" height=\"413\" srcset=\"https:\/\/i0.wp.com\/oberschin.com\/wp-content\/uploads\/2014\/10\/DSC05174.jpg?w=1000 1000w, https:\/\/i0.wp.com\/oberschin.com\/wp-content\/uploads\/2014\/10\/DSC05174.jpg?resize=300%2C199 300w, https:\/\/i0.wp.com\/oberschin.com\/wp-content\/uploads\/2014\/10\/DSC05174.jpg?resize=700%2C466 700w\" sizes=\"auto, (max-width: 620px) 100vw, 620px\" \/><\/a><\/span><\/span><\/p>\n<p align=\"left\"><span style=\"font-family: Courier;\">Den Stoff habe ich von <a href=\"http:\/\/www.etsy.com\/listing\/69650933\/water-sketch-style-brown-floral-gauze?ga_search_query=style%2Bbrown%2Bfloral%2Bgauze&amp;ga_search_type=user_shop_ttt_id_5645877\" target=\"_blank\">UniqueShiny<\/a>. Das Muster ist aus diesem <a href=\"http:\/\/www.etsy.com\/listing\/58431120\/adult-couture-dress-smock-blouse\" target=\"_blank\">Buch<\/a>&#8230; das Titelbildmodel.<\/span><\/p>\n<p><span style=\"font-family: Courier;\"><img data-recalc-dims=\"1\" loading=\"lazy\" decoding=\"async\" src=\"https:\/\/i0.wp.com\/oberschin.webs.com\/\/unterschrift.png?resize=70%2C30\" alt=\"\" width=\"70\" height=\"30\" \/>\u00a0<\/span><\/p>\n<p>&nbsp;<\/p>\n","protected":false},"excerpt":{"rendered":"<p>Wer n\u00e4ht das sch\u00f6nste Fr\u00fchlings-Oberteil? Rae hat diesen Wettbewerb gestartet und da habe ich mich entschlossen, dass ich eins zwei meiner selbstgen\u00e4hten Sachen hochladen werde&#8230; wer weiss, vielleicht&#8230;<\/p>\n","protected":false},"author":1,"featured_media":480,"comment_status":"open","ping_status":"open","sticky":false,"template":"","format":"standard","meta":{"jetpack_post_was_ever_published":false,"_jetpack_newsletter_access":"","_jetpack_dont_email_post_to_subs":false,"_jetpack_newsletter_tier_id":0,"_jetpack_memberships_contains_paywalled_content":false,"_jetpack_memberships_contains_paid_content":false,"footnotes":"","jetpack_publicize_message":"","jetpack_publicize_feature_enabled":true,"jetpack_social_post_already_shared":false,"jetpack_social_options":{"image_generator_settings":{"template":"highway","default_image_id":0,"font":"","enabled":false},"version":2}},"categories":[17,5],"tags":[],"class_list":["post-479","post","type-post","status-publish","format-standard","has-post-thumbnail","hentry","category-japanisch-naehen","category-kleider-fuer-die-frau"],"jetpack_publicize_connections":[],"jetpack_featured_media_url":"https:\/\/i0.wp.com\/oberschin.com\/wp-content\/uploads\/2014\/10\/DSC05172.jpg?fit=1000%2C1503","jetpack_sharing_enabled":true,"jetpack_shortlink":"https:\/\/wp.me\/s6KMDe-479","jetpack-related-posts":[{"id":1474,"url":"http:\/\/oberschin.com\/?p=1474","url_meta":{"origin":479,"position":0},"title":"Zimtiger Fuss","author":"oberschin","date":"27. September 2013","format":false,"excerpt":"Habt ihr schon mal was von Zimt-Schuh-Sohlen geh\u00f6rt? Ich habe selber keine, aber ich kenne da ein paar\u00a0richtige Zimt-Sohlen-Fans. Ich habe mich davon inspirieren lassen und einen Zimt-Fussbalsam hergestellt. Hierzu habe ich zuerst mit Sesam\u00f6l einen Zimtst\u00e4ngel-\u00d6lauszug gemacht. Zimt duftet heimelig\u00a0und w\u00fcrzig und ich finde es speziell zusammen mit dem\u2026","rel":"","context":"In &quot;naturkosmetik&quot;","block_context":{"text":"naturkosmetik","link":"http:\/\/oberschin.com\/?cat=8"},"img":{"alt_text":"","src":"https:\/\/i0.wp.com\/oberschin.com\/wp-content\/uploads\/2014\/10\/DSC04709.jpg?fit=1000%2C666&resize=350%2C200","width":350,"height":200,"srcset":"https:\/\/i0.wp.com\/oberschin.com\/wp-content\/uploads\/2014\/10\/DSC04709.jpg?fit=1000%2C666&resize=350%2C200 1x, https:\/\/i0.wp.com\/oberschin.com\/wp-content\/uploads\/2014\/10\/DSC04709.jpg?fit=1000%2C666&resize=525%2C300 1.5x, https:\/\/i0.wp.com\/oberschin.com\/wp-content\/uploads\/2014\/10\/DSC04709.jpg?fit=1000%2C666&resize=700%2C400 2x"},"classes":[]},{"id":2051,"url":"http:\/\/oberschin.com\/?p=2051","url_meta":{"origin":479,"position":1},"title":"Partnerlook Shirt","author":"oberschin","date":"14. August 2015","format":false,"excerpt":"Streifen f\u00fcr den Sommer... wer weiss, wie lange noch T-Shirt-Wetter ist... Ich habe dem kleinen Mann ein Shirt aus einem uralten Restenst\u00fcck gen\u00e4ht. Jetzt hat er ein Partnerlook-Shirt mit Papa. Der Schnitt ist ein japanischer aus diesem Buch: Und stellt euch vor, ich habe es diesesmal sogar geschafft ein Tragefoto\u2026","rel":"","context":"In &quot;japanisch n\u00e4hen&quot;","block_context":{"text":"japanisch n\u00e4hen","link":"http:\/\/oberschin.com\/?cat=17"},"img":{"alt_text":"","src":"https:\/\/i0.wp.com\/oberschin.com\/wp-content\/uploads\/2015\/06\/DSC07690.jpg?fit=1000%2C666&resize=350%2C200","width":350,"height":200,"srcset":"https:\/\/i0.wp.com\/oberschin.com\/wp-content\/uploads\/2015\/06\/DSC07690.jpg?fit=1000%2C666&resize=350%2C200 1x, https:\/\/i0.wp.com\/oberschin.com\/wp-content\/uploads\/2015\/06\/DSC07690.jpg?fit=1000%2C666&resize=525%2C300 1.5x, https:\/\/i0.wp.com\/oberschin.com\/wp-content\/uploads\/2015\/06\/DSC07690.jpg?fit=1000%2C666&resize=700%2C400 2x"},"classes":[]},{"id":383,"url":"http:\/\/oberschin.com\/?p=383","url_meta":{"origin":479,"position":2},"title":"H\u00e4keltop","author":"oberschin","date":"15. Februar 2011","format":false,"excerpt":"W\u00e4hrend unserer letzte Amerikareise habe ich diese Kragen geh\u00e4kelt und nun - 4 Monate sp\u00e4ter - habe ich es endlich geschafft, den Stoff zuzuschneiden und alles zusammenzun\u00e4hen. Es entstanden drei Shirts in drei verschiedenen Gr\u00f6ssen und Stoffen (von links nach rechts): dunkelblauer Baumwoll Vichey-Caro-Stoff 134\/140, braun-beiger Feinstrick 122\/128 und hellgr\u00fcn-blau-weiss\u2026","rel":"","context":"In &quot;kinderkleider&quot;","block_context":{"text":"kinderkleider","link":"http:\/\/oberschin.com\/?cat=1"},"img":{"alt_text":"","src":"https:\/\/i0.wp.com\/oberschin.com\/wp-content\/uploads\/2014\/10\/DSC04264.jpg?fit=1000%2C666&resize=350%2C200","width":350,"height":200,"srcset":"https:\/\/i0.wp.com\/oberschin.com\/wp-content\/uploads\/2014\/10\/DSC04264.jpg?fit=1000%2C666&resize=350%2C200 1x, https:\/\/i0.wp.com\/oberschin.com\/wp-content\/uploads\/2014\/10\/DSC04264.jpg?fit=1000%2C666&resize=525%2C300 1.5x, https:\/\/i0.wp.com\/oberschin.com\/wp-content\/uploads\/2014\/10\/DSC04264.jpg?fit=1000%2C666&resize=700%2C400 2x"},"classes":[]},{"id":1186,"url":"http:\/\/oberschin.com\/?p=1186","url_meta":{"origin":479,"position":3},"title":"Wintermantel &#8211; sew along &#8211; Teil 8","author":"oberschin","date":"4. November 2012","format":false,"excerpt":"Ich habe das Futter \"nicht richtig\" zugeschnitten: Ich lasse meine Schnittteile gegen unten, also am Saum, gerne etwas l\u00e4nger. Abschneiden kann man ja schliesslich immer. Nur habe ich hier, dank meinem pl\u00f6ztlichen Drang den Mantel sofort zu beenden, einfach vergessen, dass ich den Saum noch anpassen sollte. Jetzt ist der\u2026","rel":"","context":"In &quot;kleider f\u00fcr die frau&quot;","block_context":{"text":"kleider f\u00fcr die frau","link":"http:\/\/oberschin.com\/?cat=5"},"img":{"alt_text":"","src":"https:\/\/i0.wp.com\/oberschin.com\/wp-content\/uploads\/2014\/10\/DSC03271.jpg?fit=1000%2C666&resize=350%2C200","width":350,"height":200,"srcset":"https:\/\/i0.wp.com\/oberschin.com\/wp-content\/uploads\/2014\/10\/DSC03271.jpg?fit=1000%2C666&resize=350%2C200 1x, https:\/\/i0.wp.com\/oberschin.com\/wp-content\/uploads\/2014\/10\/DSC03271.jpg?fit=1000%2C666&resize=525%2C300 1.5x, https:\/\/i0.wp.com\/oberschin.com\/wp-content\/uploads\/2014\/10\/DSC03271.jpg?fit=1000%2C666&resize=700%2C400 2x"},"classes":[]},{"id":2424,"url":"http:\/\/oberschin.com\/?p=2424","url_meta":{"origin":479,"position":4},"title":"MMM #31 &#8211; Jeans","author":"oberschin","date":"12. Oktober 2016","format":false,"excerpt":"Ganz lieben Dank f\u00fcr all die netten Kommentare zu meiner ersten Hose... sei es hier, auf FB oder gar im \"echten\" Leben. Ihr habt mich dazu ermutigt, gleich nochmals zur Schere zu greifen und mir eine zweit Hose zuzuschneiden. Eine Jeans dieses Mal. Einzige \u00c4nderung im Vergleich zur ersten Hose:\u2026","rel":"","context":"In &quot;kleider f\u00fcr die frau&quot;","block_context":{"text":"kleider f\u00fcr die frau","link":"http:\/\/oberschin.com\/?cat=5"},"img":{"alt_text":"","src":"https:\/\/i0.wp.com\/oberschin.com\/wp-content\/uploads\/2015\/12\/DSC09807-Kopie.jpg?fit=1000%2C752&resize=350%2C200","width":350,"height":200,"srcset":"https:\/\/i0.wp.com\/oberschin.com\/wp-content\/uploads\/2015\/12\/DSC09807-Kopie.jpg?fit=1000%2C752&resize=350%2C200 1x, https:\/\/i0.wp.com\/oberschin.com\/wp-content\/uploads\/2015\/12\/DSC09807-Kopie.jpg?fit=1000%2C752&resize=525%2C300 1.5x, https:\/\/i0.wp.com\/oberschin.com\/wp-content\/uploads\/2015\/12\/DSC09807-Kopie.jpg?fit=1000%2C752&resize=700%2C400 2x"},"classes":[]},{"id":1556,"url":"http:\/\/oberschin.com\/?p=1556","url_meta":{"origin":479,"position":5},"title":"Weihnachtskleid &#8211; sew along 2013 &#8211; Finale","author":"oberschin","date":"23. Dezember 2013","format":false,"excerpt":"Oje, das war jetzt wirklich ein bisschen eine Zangengeburt... Ich habe mich - dank den netten Kommentaren beim letzten Eintrag - entschieden, die vordere Kr\u00e4uselnaht noch einmal aufzutrennen. Dann habe ich lange \u00fcberlegt, ob ich das Kleid stillfreundlich machen soll. Ich habe mir sogar schon das Schnittmuster \"Martha\" vom Milchmonster\u2026","rel":"","context":"In &quot;japanisch n\u00e4hen&quot;","block_context":{"text":"japanisch n\u00e4hen","link":"http:\/\/oberschin.com\/?cat=17"},"img":{"alt_text":"","src":"https:\/\/i0.wp.com\/oberschin.com\/wp-content\/uploads\/2014\/10\/DSC05010.jpg?fit=1000%2C666&resize=350%2C200","width":350,"height":200,"srcset":"https:\/\/i0.wp.com\/oberschin.com\/wp-content\/uploads\/2014\/10\/DSC05010.jpg?fit=1000%2C666&resize=350%2C200 1x, https:\/\/i0.wp.com\/oberschin.com\/wp-content\/uploads\/2014\/10\/DSC05010.jpg?fit=1000%2C666&resize=525%2C300 1.5x, https:\/\/i0.wp.com\/oberschin.com\/wp-content\/uploads\/2014\/10\/DSC05010.jpg?fit=1000%2C666&resize=700%2C400 2x"},"classes":[]}],"_links":{"self":[{"href":"http:\/\/oberschin.com\/index.php?rest_route=\/wp\/v2\/posts\/479","targetHints":{"allow":["GET"]}}],"collection":[{"href":"http:\/\/oberschin.com\/index.php?rest_route=\/wp\/v2\/posts"}],"about":[{"href":"http:\/\/oberschin.com\/index.php?rest_route=\/wp\/v2\/types\/post"}],"author":[{"embeddable":true,"href":"http:\/\/oberschin.com\/index.php?rest_route=\/wp\/v2\/users\/1"}],"replies":[{"embeddable":true,"href":"http:\/\/oberschin.com\/index.php?rest_route=%2Fwp%2Fv2%2Fcomments&post=479"}],"version-history":[{"count":2,"href":"http:\/\/oberschin.com\/index.php?rest_route=\/wp\/v2\/posts\/479\/revisions"}],"predecessor-version":[{"id":484,"href":"http:\/\/oberschin.com\/index.php?rest_route=\/wp\/v2\/posts\/479\/revisions\/484"}],"wp:featuredmedia":[{"embeddable":true,"href":"http:\/\/oberschin.com\/index.php?rest_route=\/wp\/v2\/media\/480"}],"wp:attachment":[{"href":"http:\/\/oberschin.com\/index.php?rest_route=%2Fwp%2Fv2%2Fmedia&parent=479"}],"wp:term":[{"taxonomy":"category","embeddable":true,"href":"http:\/\/oberschin.com\/index.php?rest_route=%2Fwp%2Fv2%2Fcategories&post=479"},{"taxonomy":"post_tag","embeddable":true,"href":"http:\/\/oberschin.com\/index.php?rest_route=%2Fwp%2Fv2%2Ftags&post=479"}],"curies":[{"name":"wp","href":"https:\/\/api.w.org\/{rel}","templated":true}]}}