{"id":470,"date":"2011-05-01T13:19:54","date_gmt":"2011-05-01T11:19:54","guid":{"rendered":"http:\/\/oberschin.com\/?p=470"},"modified":"2014-10-11T13:20:06","modified_gmt":"2014-10-11T11:20:06","slug":"liebeserklaerung","status":"publish","type":"post","link":"http:\/\/oberschin.com\/?p=470","title":{"rendered":"Liebeserkl\u00e4rung"},"content":{"rendered":"<p><span style=\"font-family: Courier;\">Vielleicht k\u00f6nnt ihr euch noch an meinen gr\u00fcnen total <a href=\"http:\/\/oberschin.webs.com\/apps\/blog\/show\/6764849-bademantel-malheur\" target=\"_blank\">verknoteten Frottestoff<\/a> erinnern, den ich zum Morgenmantel habe verarbeiten wollen&#8230; nun ja&#8230; hier die freudige Nachricht: ICH HABE ES GESCHAFFT!<\/span><\/p>\n<p align=\"center\"><a href=\"https:\/\/i0.wp.com\/oberschin.com\/wp-content\/uploads\/2014\/10\/morgenmantel_frotte_gruen_collage.jpg\"><img data-recalc-dims=\"1\" loading=\"lazy\" decoding=\"async\" data-attachment-id=\"472\" data-permalink=\"http:\/\/oberschin.com\/?attachment_id=472\" data-orig-file=\"https:\/\/i0.wp.com\/oberschin.com\/wp-content\/uploads\/2014\/10\/morgenmantel_frotte_gruen_collage.jpg?fit=579%2C411\" data-orig-size=\"579,411\" data-comments-opened=\"1\" data-image-meta=\"{&quot;aperture&quot;:&quot;0&quot;,&quot;credit&quot;:&quot;&quot;,&quot;camera&quot;:&quot;&quot;,&quot;caption&quot;:&quot;&quot;,&quot;created_timestamp&quot;:&quot;0&quot;,&quot;copyright&quot;:&quot;&quot;,&quot;focal_length&quot;:&quot;0&quot;,&quot;iso&quot;:&quot;0&quot;,&quot;shutter_speed&quot;:&quot;0&quot;,&quot;title&quot;:&quot;&quot;,&quot;orientation&quot;:&quot;1&quot;}\" data-image-title=\"morgenmantel_frotte_gruen_collage\" data-image-description=\"\" data-image-caption=\"\" data-large-file=\"https:\/\/i0.wp.com\/oberschin.com\/wp-content\/uploads\/2014\/10\/morgenmantel_frotte_gruen_collage.jpg?fit=579%2C411\" class=\"aligncenter wp-image-472\" src=\"https:\/\/i0.wp.com\/oberschin.com\/wp-content\/uploads\/2014\/10\/morgenmantel_frotte_gruen_collage.jpg?resize=620%2C440\" alt=\"morgenmantel_frotte_gruen_collage\" width=\"620\" height=\"440\" srcset=\"https:\/\/i0.wp.com\/oberschin.com\/wp-content\/uploads\/2014\/10\/morgenmantel_frotte_gruen_collage.jpg?w=579 579w, https:\/\/i0.wp.com\/oberschin.com\/wp-content\/uploads\/2014\/10\/morgenmantel_frotte_gruen_collage.jpg?resize=300%2C212 300w\" sizes=\"auto, (max-width: 620px) 100vw, 620px\" \/><\/a><\/p>\n<p><span style=\"font-family: Courier;\">Vers\u00e4ubern mit der overlock ist sooooo praktisch. Die schneidet von alleine eifach alle ausgefransten F\u00e4den ab und vers\u00e4ubert die Naht.<\/span><\/p>\n<p align=\"center\"><a href=\"https:\/\/i0.wp.com\/oberschin.com\/wp-content\/uploads\/2014\/10\/DSC04989.jpg\"><img data-recalc-dims=\"1\" loading=\"lazy\" decoding=\"async\" data-attachment-id=\"471\" data-permalink=\"http:\/\/oberschin.com\/?attachment_id=471\" data-orig-file=\"https:\/\/i0.wp.com\/oberschin.com\/wp-content\/uploads\/2014\/10\/DSC04989.jpg?fit=1000%2C666\" data-orig-size=\"1000,666\" data-comments-opened=\"1\" data-image-meta=\"{&quot;aperture&quot;:&quot;5.6&quot;,&quot;credit&quot;:&quot;&quot;,&quot;camera&quot;:&quot;DSLR-A350&quot;,&quot;caption&quot;:&quot;&quot;,&quot;created_timestamp&quot;:&quot;1303320235&quot;,&quot;copyright&quot;:&quot;&quot;,&quot;focal_length&quot;:&quot;60&quot;,&quot;iso&quot;:&quot;400&quot;,&quot;shutter_speed&quot;:&quot;0.2&quot;,&quot;title&quot;:&quot;SONY DSC&quot;,&quot;orientation&quot;:&quot;1&quot;}\" data-image-title=\"SONY DSC\" data-image-description=\"\" data-image-caption=\"\" data-large-file=\"https:\/\/i0.wp.com\/oberschin.com\/wp-content\/uploads\/2014\/10\/DSC04989.jpg?fit=620%2C413\" class=\"aligncenter wp-image-471\" src=\"https:\/\/i0.wp.com\/oberschin.com\/wp-content\/uploads\/2014\/10\/DSC04989.jpg?resize=620%2C413\" alt=\"SONY DSC\" width=\"620\" height=\"413\" srcset=\"https:\/\/i0.wp.com\/oberschin.com\/wp-content\/uploads\/2014\/10\/DSC04989.jpg?w=1000 1000w, https:\/\/i0.wp.com\/oberschin.com\/wp-content\/uploads\/2014\/10\/DSC04989.jpg?resize=300%2C199 300w, https:\/\/i0.wp.com\/oberschin.com\/wp-content\/uploads\/2014\/10\/DSC04989.jpg?resize=700%2C466 700w\" sizes=\"auto, (max-width: 620px) 100vw, 620px\" \/><\/a><\/p>\n<p><span style=\"font-family: Courier;\">Kein l\u00e4stiges gerade Schneiden von Hand mehr&#8230; bin ich froh, habe ich meine Overlock!<\/span><\/p>\n<p><img data-recalc-dims=\"1\" loading=\"lazy\" decoding=\"async\" src=\"https:\/\/i0.wp.com\/oberschin.webs.com\/\/unterschrift.png?resize=70%2C30\" alt=\"\" width=\"70\" height=\"30\" \/><\/p>\n<p>&nbsp;<\/p>\n","protected":false},"excerpt":{"rendered":"<p>Vielleicht k\u00f6nnt ihr euch noch an meinen gr\u00fcnen total verknoteten Frottestoff erinnern, den ich zum Morgenmantel habe verarbeiten wollen&#8230; nun ja&#8230; hier die freudige Nachricht: ICH HABE ES&#8230;<\/p>\n","protected":false},"author":1,"featured_media":472,"comment_status":"open","ping_status":"open","sticky":false,"template":"","format":"standard","meta":{"jetpack_post_was_ever_published":false,"_jetpack_newsletter_access":"","_jetpack_dont_email_post_to_subs":false,"_jetpack_newsletter_tier_id":0,"_jetpack_memberships_contains_paywalled_content":false,"_jetpack_memberships_contains_paid_content":false,"footnotes":"","jetpack_publicize_message":"","jetpack_publicize_feature_enabled":true,"jetpack_social_post_already_shared":false,"jetpack_social_options":{"image_generator_settings":{"template":"highway","default_image_id":0,"font":"","enabled":false},"version":2}},"categories":[4],"tags":[],"class_list":["post-470","post","type-post","status-publish","format-standard","has-post-thumbnail","hentry","category-maennersache"],"jetpack_publicize_connections":[],"jetpack_featured_media_url":"https:\/\/i0.wp.com\/oberschin.com\/wp-content\/uploads\/2014\/10\/morgenmantel_frotte_gruen_collage.jpg?fit=579%2C411","jetpack_sharing_enabled":true,"jetpack_shortlink":"https:\/\/wp.me\/p6KMDe-7A","jetpack-related-posts":[{"id":753,"url":"http:\/\/oberschin.com\/?p=753","url_meta":{"origin":470,"position":0},"title":"T-Shirt Restenstoff-Verarbeitung","author":"oberschin","date":"7. November 2011","format":false,"excerpt":"Ihr erinnert euch\u00a0vielleicht noch an den roten Rollkragenpulli den ich mal gen\u00e4ht habe. Die dabei entstanden Stoffresten lagen dann eine zeitlang einfach mal so rum. Jersey-Stoffresten kann man irgendwie zu nichts richtig gebrauchen, finde ich... da kam ich auf die Idee, dass Windelh\u00f6schen ja nicht immer nur aus Baumwolle sein\u2026","rel":"","context":"In &quot;kinderkleider&quot;","block_context":{"text":"kinderkleider","link":"http:\/\/oberschin.com\/?cat=1"},"img":{"alt_text":"","src":"https:\/\/i0.wp.com\/oberschin.com\/wp-content\/uploads\/2014\/10\/DSC03952.jpg?fit=1000%2C666&resize=350%2C200","width":350,"height":200,"srcset":"https:\/\/i0.wp.com\/oberschin.com\/wp-content\/uploads\/2014\/10\/DSC03952.jpg?fit=1000%2C666&resize=350%2C200 1x, https:\/\/i0.wp.com\/oberschin.com\/wp-content\/uploads\/2014\/10\/DSC03952.jpg?fit=1000%2C666&resize=525%2C300 1.5x, https:\/\/i0.wp.com\/oberschin.com\/wp-content\/uploads\/2014\/10\/DSC03952.jpg?fit=1000%2C666&resize=700%2C400 2x"},"classes":[]},{"id":2771,"url":"http:\/\/oberschin.com\/?p=2771","url_meta":{"origin":470,"position":1},"title":"Herbst-Jacken-Sew-Along 2014 &#8211; Fortsetzung","author":"oberschin","date":"9. September 2016","format":false,"excerpt":"Ich werde ein uraltes Projekt wiederbeleben. Ein UFO beenden. Eines der Projekte, die \u00fcber dem Stuhl h\u00e4ngen zu Ende f\u00fchren. Etwas Aufr\u00e4umen also quasi. Und zwar werde ich den Herbst-Jacken-Sew-Along 2014 reaktivieren und am Jacken-Sew Along 2016 teilnehmen. Jawohl. Mal wieder ein Sew Along. Die meide ich seit zwei Jahren.\u2026","rel":"","context":"In &quot;kleider f\u00fcr die frau&quot;","block_context":{"text":"kleider f\u00fcr die frau","link":"http:\/\/oberschin.com\/?cat=5"},"img":{"alt_text":"","src":"https:\/\/i0.wp.com\/oberschin.com\/wp-content\/uploads\/2016\/09\/DSC00003-2.jpg?fit=1000%2C666&resize=350%2C200","width":350,"height":200,"srcset":"https:\/\/i0.wp.com\/oberschin.com\/wp-content\/uploads\/2016\/09\/DSC00003-2.jpg?fit=1000%2C666&resize=350%2C200 1x, https:\/\/i0.wp.com\/oberschin.com\/wp-content\/uploads\/2016\/09\/DSC00003-2.jpg?fit=1000%2C666&resize=525%2C300 1.5x, https:\/\/i0.wp.com\/oberschin.com\/wp-content\/uploads\/2016\/09\/DSC00003-2.jpg?fit=1000%2C666&resize=700%2C400 2x"},"classes":[]},{"id":677,"url":"http:\/\/oberschin.com\/?p=677","url_meta":{"origin":470,"position":2},"title":"Multifunktionssack Pelle","author":"oberschin","date":"13. Oktober 2011","format":false,"excerpt":"Ich bin grad richtig in Taschen-Fahrt. Nach \"everybody's darling\" bzw. \"Mozart's darling\" von Hella, n\u00e4hte ich nun auch noch eine \"Pelle\" von Julia. Die Tasche ist aussen aus schwarzem Kunstleder. Ich habe da n\u00e4mlich\u00a0ein St\u00fcck Restenstoff in einer der Papiertaschen, die ich von einem lieben Freund bekommen habe, gefunden. Auf\u2026","rel":"","context":"In &quot;m\u00e4nnersache&quot;","block_context":{"text":"m\u00e4nnersache","link":"http:\/\/oberschin.com\/?cat=4"},"img":{"alt_text":"","src":"https:\/\/i0.wp.com\/oberschin.com\/wp-content\/uploads\/2014\/10\/DSC07489.jpg?fit=798%2C1200&resize=350%2C200","width":350,"height":200,"srcset":"https:\/\/i0.wp.com\/oberschin.com\/wp-content\/uploads\/2014\/10\/DSC07489.jpg?fit=798%2C1200&resize=350%2C200 1x, https:\/\/i0.wp.com\/oberschin.com\/wp-content\/uploads\/2014\/10\/DSC07489.jpg?fit=798%2C1200&resize=525%2C300 1.5x, https:\/\/i0.wp.com\/oberschin.com\/wp-content\/uploads\/2014\/10\/DSC07489.jpg?fit=798%2C1200&resize=700%2C400 2x"},"classes":[]},{"id":1156,"url":"http:\/\/oberschin.com\/?p=1156","url_meta":{"origin":470,"position":3},"title":"Wintermantel &#8211; sew along &#8211; Teil 4","author":"oberschin","date":"14. Oktober 2012","format":false,"excerpt":"Und so siehts bei mir in zwischen aus... alles zusammengesteckt, damit ich mir vorstellen kann, wie der Mantel werden wird... und damit ich mir \u00fcberlegen kann, ob ich vielleicht doch noch so typische Dufflecoat Sicht-Belege zuschneiden sollte (entschuldigt das schlechte Foto... es wird Winter und ist meist schon dunkel wenn\u2026","rel":"","context":"In &quot;kleider f\u00fcr die frau&quot;","block_context":{"text":"kleider f\u00fcr die frau","link":"http:\/\/oberschin.com\/?cat=5"},"img":{"alt_text":"","src":"https:\/\/i0.wp.com\/oberschin.com\/wp-content\/uploads\/2014\/10\/DSC03151.jpg?fit=798%2C1200&resize=350%2C200","width":350,"height":200,"srcset":"https:\/\/i0.wp.com\/oberschin.com\/wp-content\/uploads\/2014\/10\/DSC03151.jpg?fit=798%2C1200&resize=350%2C200 1x, https:\/\/i0.wp.com\/oberschin.com\/wp-content\/uploads\/2014\/10\/DSC03151.jpg?fit=798%2C1200&resize=525%2C300 1.5x, https:\/\/i0.wp.com\/oberschin.com\/wp-content\/uploads\/2014\/10\/DSC03151.jpg?fit=798%2C1200&resize=700%2C400 2x"},"classes":[]},{"id":1051,"url":"http:\/\/oberschin.com\/?p=1051","url_meta":{"origin":470,"position":4},"title":"Wintermantel &#8211; sew along &#8211; Teil 3","author":"oberschin","date":"1. Oktober 2012","format":false,"excerpt":"Den Schnitt hatte ich ja bald mal ausgew\u00e4hlt. Nun\u00a0habe ich mich auch beim Stoff entschieden. Ich nehme einen dunkelblauen Wollstoff (Stoff und Stil), denn ich schon l\u00e4nger im Stoff-Schrank habe. Bildquelle: Buttiette.ch Nach dem ich beim Umziehen bemerkt habe, wie rau die Mengen an Stoff bei mir sind, habe ich\u2026","rel":"","context":"In &quot;kleider f\u00fcr die frau&quot;","block_context":{"text":"kleider f\u00fcr die frau","link":"http:\/\/oberschin.com\/?cat=5"},"img":{"alt_text":"","src":"https:\/\/i0.wp.com\/oberschin.com\/wp-content\/uploads\/2014\/10\/images.buttinette.com_.jpg?fit=480%2C480&resize=350%2C200","width":350,"height":200},"classes":[]},{"id":1304,"url":"http:\/\/oberschin.com\/?p=1304","url_meta":{"origin":470,"position":5},"title":"MMM #14 &#8211; mit Paper Doll Cardigan","author":"oberschin","date":"30. Januar 2013","format":false,"excerpt":"Endlich bin ich wieder einmal dabei, beim \"Selbermach-Mittwoch\". Und noch dazu mit einem\u00a0Projekt, welches ich vor 2 Jahren gestartet habe. Begonnen habe ich damit zu Hause; weitergestrickt auf Reisen in Japan und beendet (endlich!) in Teneriffa. \u00a0\u00a0 Ich finde, es ist etwas zu weit oben rum. Ziemlich etwas. Und es\u2026","rel":"","context":"In &quot;kleider f\u00fcr die frau&quot;","block_context":{"text":"kleider f\u00fcr die frau","link":"http:\/\/oberschin.com\/?cat=5"},"img":{"alt_text":"","src":"https:\/\/i0.wp.com\/oberschin.com\/wp-content\/uploads\/2014\/10\/DSC03762.jpg?fit=1000%2C666&resize=350%2C200","width":350,"height":200,"srcset":"https:\/\/i0.wp.com\/oberschin.com\/wp-content\/uploads\/2014\/10\/DSC03762.jpg?fit=1000%2C666&resize=350%2C200 1x, https:\/\/i0.wp.com\/oberschin.com\/wp-content\/uploads\/2014\/10\/DSC03762.jpg?fit=1000%2C666&resize=525%2C300 1.5x, https:\/\/i0.wp.com\/oberschin.com\/wp-content\/uploads\/2014\/10\/DSC03762.jpg?fit=1000%2C666&resize=700%2C400 2x"},"classes":[]}],"_links":{"self":[{"href":"http:\/\/oberschin.com\/index.php?rest_route=\/wp\/v2\/posts\/470","targetHints":{"allow":["GET"]}}],"collection":[{"href":"http:\/\/oberschin.com\/index.php?rest_route=\/wp\/v2\/posts"}],"about":[{"href":"http:\/\/oberschin.com\/index.php?rest_route=\/wp\/v2\/types\/post"}],"author":[{"embeddable":true,"href":"http:\/\/oberschin.com\/index.php?rest_route=\/wp\/v2\/users\/1"}],"replies":[{"embeddable":true,"href":"http:\/\/oberschin.com\/index.php?rest_route=%2Fwp%2Fv2%2Fcomments&post=470"}],"version-history":[{"count":1,"href":"http:\/\/oberschin.com\/index.php?rest_route=\/wp\/v2\/posts\/470\/revisions"}],"predecessor-version":[{"id":473,"href":"http:\/\/oberschin.com\/index.php?rest_route=\/wp\/v2\/posts\/470\/revisions\/473"}],"wp:featuredmedia":[{"embeddable":true,"href":"http:\/\/oberschin.com\/index.php?rest_route=\/wp\/v2\/media\/472"}],"wp:attachment":[{"href":"http:\/\/oberschin.com\/index.php?rest_route=%2Fwp%2Fv2%2Fmedia&parent=470"}],"wp:term":[{"taxonomy":"category","embeddable":true,"href":"http:\/\/oberschin.com\/index.php?rest_route=%2Fwp%2Fv2%2Fcategories&post=470"},{"taxonomy":"post_tag","embeddable":true,"href":"http:\/\/oberschin.com\/index.php?rest_route=%2Fwp%2Fv2%2Ftags&post=470"}],"curies":[{"name":"wp","href":"https:\/\/api.w.org\/{rel}","templated":true}]}}