{"id":467,"date":"2011-04-29T13:16:17","date_gmt":"2011-04-29T11:16:17","guid":{"rendered":"http:\/\/oberschin.com\/?p=467"},"modified":"2014-10-11T13:17:47","modified_gmt":"2014-10-11T11:17:47","slug":"sommerjaeckli","status":"publish","type":"post","link":"http:\/\/oberschin.com\/?p=467","title":{"rendered":"Sommerj\u00e4ckli"},"content":{"rendered":"<p><span style=\"font-family: Courier;\">&#8230;und schon wieder habe ich etwas fabriziert, dass ich auch tats\u00e4chlich tragen werde.<\/span><\/p>\n<p><span style=\"font-family: Courier;\">Dieses gr\u00fcne Sommer-J\u00e4ckli mit 3\/4-\u00c4rmel ist aus teurem Leinenstrickstoff, denn ich <span style=\"font-size: large;\">billig<\/span> im Bernina-Resten-W\u00fchlkorb ergattert habe.<\/span><\/p>\n<p align=\"center\"><a href=\"https:\/\/i0.wp.com\/oberschin.com\/wp-content\/uploads\/2014\/10\/sommerjaeckli_collage.jpg\"><img data-recalc-dims=\"1\" loading=\"lazy\" decoding=\"async\" data-attachment-id=\"468\" data-permalink=\"http:\/\/oberschin.com\/?attachment_id=468\" data-orig-file=\"https:\/\/i0.wp.com\/oberschin.com\/wp-content\/uploads\/2014\/10\/sommerjaeckli_collage.jpg?fit=716%2C410\" data-orig-size=\"716,410\" data-comments-opened=\"1\" data-image-meta=\"{&quot;aperture&quot;:&quot;0&quot;,&quot;credit&quot;:&quot;&quot;,&quot;camera&quot;:&quot;&quot;,&quot;caption&quot;:&quot;&quot;,&quot;created_timestamp&quot;:&quot;0&quot;,&quot;copyright&quot;:&quot;&quot;,&quot;focal_length&quot;:&quot;0&quot;,&quot;iso&quot;:&quot;0&quot;,&quot;shutter_speed&quot;:&quot;0&quot;,&quot;title&quot;:&quot;&quot;,&quot;orientation&quot;:&quot;1&quot;}\" data-image-title=\"sommerjaeckli_collage\" data-image-description=\"\" data-image-caption=\"\" data-large-file=\"https:\/\/i0.wp.com\/oberschin.com\/wp-content\/uploads\/2014\/10\/sommerjaeckli_collage.jpg?fit=620%2C355\" class=\"aligncenter wp-image-468\" src=\"https:\/\/i0.wp.com\/oberschin.com\/wp-content\/uploads\/2014\/10\/sommerjaeckli_collage.jpg?resize=620%2C355\" alt=\"sommerjaeckli_collage\" width=\"620\" height=\"355\" srcset=\"https:\/\/i0.wp.com\/oberschin.com\/wp-content\/uploads\/2014\/10\/sommerjaeckli_collage.jpg?w=716 716w, https:\/\/i0.wp.com\/oberschin.com\/wp-content\/uploads\/2014\/10\/sommerjaeckli_collage.jpg?resize=300%2C171 300w, https:\/\/i0.wp.com\/oberschin.com\/wp-content\/uploads\/2014\/10\/sommerjaeckli_collage.jpg?resize=700%2C400 700w\" sizes=\"auto, (max-width: 620px) 100vw, 620px\" \/><\/a><\/p>\n<p><span style=\"font-family: Courier;\">Es reichte haargenau f\u00fcr <a href=\"http:\/\/www.etsy.com\/listing\/59974379\/happy-homemade-wardrobe-vol-1-japanese?ref=sr_list_2&amp;ga_search_query=happy+homemade&amp;ga_search_type=supplies&amp;ga_facet=supplies\" target=\"_blank\">diesen<\/a> (nat\u00fcrlich) japanischen Schnitt und f\u00fcr rein gar nichts zus\u00e4tzlich. Das war mal wieder knapp bemessen&#8230;<\/span><\/p>\n<p><span style=\"font-family: Courier;\">Danke f\u00fcrs Vorbeischauen!<\/span><\/p>\n<p><img data-recalc-dims=\"1\" loading=\"lazy\" decoding=\"async\" src=\"https:\/\/i0.wp.com\/oberschin.webs.com\/\/unterschrift.png?resize=72%2C31\" alt=\"\" width=\"72\" height=\"31\" \/><\/p>\n<p>&nbsp;<\/p>\n","protected":false},"excerpt":{"rendered":"<p>&#8230;und schon wieder habe ich etwas fabriziert, dass ich auch tats\u00e4chlich tragen werde. Dieses gr\u00fcne Sommer-J\u00e4ckli mit 3\/4-\u00c4rmel ist aus teurem Leinenstrickstoff, denn ich billig im Bernina-Resten-W\u00fchlkorb ergattert&#8230;<\/p>\n","protected":false},"author":1,"featured_media":468,"comment_status":"open","ping_status":"open","sticky":false,"template":"","format":"standard","meta":{"jetpack_post_was_ever_published":false,"_jetpack_newsletter_access":"","_jetpack_dont_email_post_to_subs":false,"_jetpack_newsletter_tier_id":0,"_jetpack_memberships_contains_paywalled_content":false,"_jetpack_memberships_contains_paid_content":false,"footnotes":"","jetpack_publicize_message":"","jetpack_publicize_feature_enabled":true,"jetpack_social_post_already_shared":false,"jetpack_social_options":{"image_generator_settings":{"template":"highway","default_image_id":0,"font":"","enabled":false},"version":2}},"categories":[17,5],"tags":[],"class_list":["post-467","post","type-post","status-publish","format-standard","has-post-thumbnail","hentry","category-japanisch-naehen","category-kleider-fuer-die-frau"],"jetpack_publicize_connections":[],"jetpack_featured_media_url":"https:\/\/i0.wp.com\/oberschin.com\/wp-content\/uploads\/2014\/10\/sommerjaeckli_collage.jpg?fit=716%2C410","jetpack_sharing_enabled":true,"jetpack_shortlink":"https:\/\/wp.me\/p6KMDe-7x","jetpack-related-posts":[{"id":1725,"url":"http:\/\/oberschin.com\/?p=1725","url_meta":{"origin":467,"position":0},"title":"Sitzkissen f\u00fcr zwei","author":"oberschin","date":"19. August 2015","format":false,"excerpt":"Ich bin wieder da (habt ihr sicher gemerkt)... wir sind wieder da... zu viert... also hier schon mal zwei von uns... auf meinem voluminlsten N\u00e4hprojekt bisher... Ich habe im Internet tolle Stoffs\u00e4cke gefunden (z.B. hier, hier und hier) und dachte mir, dass das doch etwas f\u00fcr unseren Kleinen w\u00e4re. Also\u2026","rel":"","context":"In &quot;kinderkram&quot;","block_context":{"text":"kinderkram","link":"http:\/\/oberschin.com\/?cat=3"},"img":{"alt_text":"","src":"https:\/\/i0.wp.com\/oberschin.com\/wp-content\/uploads\/2015\/07\/20150711_145243.jpg?fit=900%2C1200&resize=350%2C200","width":350,"height":200,"srcset":"https:\/\/i0.wp.com\/oberschin.com\/wp-content\/uploads\/2015\/07\/20150711_145243.jpg?fit=900%2C1200&resize=350%2C200 1x, https:\/\/i0.wp.com\/oberschin.com\/wp-content\/uploads\/2015\/07\/20150711_145243.jpg?fit=900%2C1200&resize=525%2C300 1.5x, https:\/\/i0.wp.com\/oberschin.com\/wp-content\/uploads\/2015\/07\/20150711_145243.jpg?fit=900%2C1200&resize=700%2C400 2x"},"classes":[]},{"id":2280,"url":"http:\/\/oberschin.com\/?p=2280","url_meta":{"origin":467,"position":1},"title":"MMM #28 \u2013 Breton-Shirt und Streifenliebe","author":"oberschin","date":"14. Oktober 2015","format":false,"excerpt":"Als ich das letzte Mal mit meiner Schwester einkaufen ging, probierte ich ein blau-weiss gestreiftes T-Shirt an. Ihr Kommentar: \"Hast du das nicht schon?\" So muss das sein, mit Kleidern, die zu einem passen, oder? :) Jetzt wollte ich endlich mal wieder etwas f\u00fcr mich zu n\u00e4hen. Und ratet mal\u2026","rel":"","context":"In &quot;kleider f\u00fcr die frau&quot;","block_context":{"text":"kleider f\u00fcr die frau","link":"http:\/\/oberschin.com\/?cat=5"},"img":{"alt_text":"","src":"https:\/\/i0.wp.com\/oberschin.com\/wp-content\/uploads\/2015\/10\/DSC08371-e1444822558286.jpg?fit=953%2C1171&resize=350%2C200","width":350,"height":200,"srcset":"https:\/\/i0.wp.com\/oberschin.com\/wp-content\/uploads\/2015\/10\/DSC08371-e1444822558286.jpg?fit=953%2C1171&resize=350%2C200 1x, https:\/\/i0.wp.com\/oberschin.com\/wp-content\/uploads\/2015\/10\/DSC08371-e1444822558286.jpg?fit=953%2C1171&resize=525%2C300 1.5x, https:\/\/i0.wp.com\/oberschin.com\/wp-content\/uploads\/2015\/10\/DSC08371-e1444822558286.jpg?fit=953%2C1171&resize=700%2C400 2x"},"classes":[]},{"id":366,"url":"http:\/\/oberschin.com\/?p=366","url_meta":{"origin":467,"position":2},"title":"Topf-Untersetzer aus Filzwolle","author":"oberschin","date":"8. Februar 2011","format":false,"excerpt":"Nach Filzsocken f\u00fcr die halbe Familie habe ich mich an diesen Topfuntersetzer gemacht... wieder f\u00fcr jemanden aus der Familie... jemanden den ich einfach nicht so richtig in Filzsocken sehe. Das Muster habe ich von DROPS. Ich hab noch nie zuvor Noppen gestrickt... aber dank einem Video-Tutorial (welches auch auf der\u2026","rel":"","context":"In &quot;praktische f\u00fcr zuhause&quot;","block_context":{"text":"praktische f\u00fcr zuhause","link":"http:\/\/oberschin.com\/?cat=9"},"img":{"alt_text":"","src":"https:\/\/i0.wp.com\/oberschin.com\/wp-content\/uploads\/2014\/10\/DSC03884.jpg?fit=1000%2C666&resize=350%2C200","width":350,"height":200,"srcset":"https:\/\/i0.wp.com\/oberschin.com\/wp-content\/uploads\/2014\/10\/DSC03884.jpg?fit=1000%2C666&resize=350%2C200 1x, https:\/\/i0.wp.com\/oberschin.com\/wp-content\/uploads\/2014\/10\/DSC03884.jpg?fit=1000%2C666&resize=525%2C300 1.5x, https:\/\/i0.wp.com\/oberschin.com\/wp-content\/uploads\/2014\/10\/DSC03884.jpg?fit=1000%2C666&resize=700%2C400 2x"},"classes":[]},{"id":1315,"url":"http:\/\/oberschin.com\/?p=1315","url_meta":{"origin":467,"position":3},"title":"MMM #15 &#8211; mit Mamama&#8217;s Wolle","author":"oberschin","date":"6. Februar 2013","format":false,"excerpt":"Schon wieder was gestricktes zum \"Mach-Selber\"-Mittwoch... Mamama ist die Grossmama... also nicht meine, aber fast. Und die wollte mir ein Bolero stricken. Am liebsten mit der Nadelst\u00e4rke 5 und in einer nicht all zu dunklen Farbe. Ich habe mich f\u00fcr ein Merino-Alpaka-Gemisch entschieden. Die Wolle f\u00fchlt sich seeehr angenehm an!\u2026","rel":"","context":"In &quot;kleider f\u00fcr die frau&quot;","block_context":{"text":"kleider f\u00fcr die frau","link":"http:\/\/oberschin.com\/?cat=5"},"img":{"alt_text":"","src":"https:\/\/i0.wp.com\/oberschin.com\/wp-content\/uploads\/2014\/10\/4058930081_9bfdaab3c0_z.jpg?fit=640%2C640&resize=350%2C200","width":350,"height":200,"srcset":"https:\/\/i0.wp.com\/oberschin.com\/wp-content\/uploads\/2014\/10\/4058930081_9bfdaab3c0_z.jpg?fit=640%2C640&resize=350%2C200 1x, https:\/\/i0.wp.com\/oberschin.com\/wp-content\/uploads\/2014\/10\/4058930081_9bfdaab3c0_z.jpg?fit=640%2C640&resize=525%2C300 1.5x"},"classes":[]},{"id":3211,"url":"http:\/\/oberschin.com\/?p=3211","url_meta":{"origin":467,"position":4},"title":"Fledermausshirt","author":"oberschin","date":"15. Juni 2018","format":false,"excerpt":"Ich n\u00e4he noch immer... ;) ...nur halt Schritt f\u00fcr Schritt. Mal einen Schnitt abzeichnen, dann mal was ausschneiden und Wochen sp\u00e4ter dann vielleicht alles zusammenn\u00e4hen. Und dabei kommt dann das \"N\u00e4htagebuch\" hier etwas zu kurz kommt. Aber jetzt habe ich mal wieder was fotografiert. Endlich. Ich habe einen Streifenjersey (von\u2026","rel":"","context":"In &quot;kleider f\u00fcr die frau&quot;","block_context":{"text":"kleider f\u00fcr die frau","link":"http:\/\/oberschin.com\/?cat=5"},"img":{"alt_text":"","src":"https:\/\/i0.wp.com\/oberschin.com\/wp-content\/uploads\/2018\/02\/DSC00043.jpg?fit=928%2C1200&resize=350%2C200","width":350,"height":200,"srcset":"https:\/\/i0.wp.com\/oberschin.com\/wp-content\/uploads\/2018\/02\/DSC00043.jpg?fit=928%2C1200&resize=350%2C200 1x, https:\/\/i0.wp.com\/oberschin.com\/wp-content\/uploads\/2018\/02\/DSC00043.jpg?fit=928%2C1200&resize=525%2C300 1.5x, https:\/\/i0.wp.com\/oberschin.com\/wp-content\/uploads\/2018\/02\/DSC00043.jpg?fit=928%2C1200&resize=700%2C400 2x"},"classes":[]},{"id":3087,"url":"http:\/\/oberschin.com\/?p=3087","url_meta":{"origin":467,"position":5},"title":"Und schon ist es Herbst&#8230;","author":"oberschin","date":"8. Oktober 2017","format":false,"excerpt":"...die Zeit verfliegt... es ist viel passiert bei uns und hier bei oberschin war es l\u00e4nger ziemlich still... Wir sind umgezogen und unsere Familie ist um einen kleinen Mann gr\u00f6sser geworden. Die Tage verfliegen nur so. Aber es ist nicht so, dass ich gar nichts mehr n\u00e4he. Es dauert nur\u2026","rel":"","context":"In &quot;kinderkleider&quot;","block_context":{"text":"kinderkleider","link":"http:\/\/oberschin.com\/?cat=1"},"img":{"alt_text":"","src":"https:\/\/i0.wp.com\/oberschin.com\/wp-content\/uploads\/2017\/10\/DSC00031.jpg?fit=1000%2C666&resize=350%2C200","width":350,"height":200,"srcset":"https:\/\/i0.wp.com\/oberschin.com\/wp-content\/uploads\/2017\/10\/DSC00031.jpg?fit=1000%2C666&resize=350%2C200 1x, https:\/\/i0.wp.com\/oberschin.com\/wp-content\/uploads\/2017\/10\/DSC00031.jpg?fit=1000%2C666&resize=525%2C300 1.5x, https:\/\/i0.wp.com\/oberschin.com\/wp-content\/uploads\/2017\/10\/DSC00031.jpg?fit=1000%2C666&resize=700%2C400 2x"},"classes":[]}],"_links":{"self":[{"href":"http:\/\/oberschin.com\/index.php?rest_route=\/wp\/v2\/posts\/467","targetHints":{"allow":["GET"]}}],"collection":[{"href":"http:\/\/oberschin.com\/index.php?rest_route=\/wp\/v2\/posts"}],"about":[{"href":"http:\/\/oberschin.com\/index.php?rest_route=\/wp\/v2\/types\/post"}],"author":[{"embeddable":true,"href":"http:\/\/oberschin.com\/index.php?rest_route=\/wp\/v2\/users\/1"}],"replies":[{"embeddable":true,"href":"http:\/\/oberschin.com\/index.php?rest_route=%2Fwp%2Fv2%2Fcomments&post=467"}],"version-history":[{"count":1,"href":"http:\/\/oberschin.com\/index.php?rest_route=\/wp\/v2\/posts\/467\/revisions"}],"predecessor-version":[{"id":469,"href":"http:\/\/oberschin.com\/index.php?rest_route=\/wp\/v2\/posts\/467\/revisions\/469"}],"wp:featuredmedia":[{"embeddable":true,"href":"http:\/\/oberschin.com\/index.php?rest_route=\/wp\/v2\/media\/468"}],"wp:attachment":[{"href":"http:\/\/oberschin.com\/index.php?rest_route=%2Fwp%2Fv2%2Fmedia&parent=467"}],"wp:term":[{"taxonomy":"category","embeddable":true,"href":"http:\/\/oberschin.com\/index.php?rest_route=%2Fwp%2Fv2%2Fcategories&post=467"},{"taxonomy":"post_tag","embeddable":true,"href":"http:\/\/oberschin.com\/index.php?rest_route=%2Fwp%2Fv2%2Ftags&post=467"}],"curies":[{"name":"wp","href":"https:\/\/api.w.org\/{rel}","templated":true}]}}