{"id":461,"date":"2011-04-28T13:13:02","date_gmt":"2011-04-28T11:13:02","guid":{"rendered":"http:\/\/oberschin.com\/?p=461"},"modified":"2014-10-11T13:16:01","modified_gmt":"2014-10-11T11:16:01","slug":"patchwork-kuscheldecke","status":"publish","type":"post","link":"http:\/\/oberschin.com\/?p=461","title":{"rendered":"Patchwork Kuscheldecke"},"content":{"rendered":"<p><span style=\"font-family: Courier;\">Aus mir unerkl\u00e4rlichen Gr\u00fcnden habe ich Unmengen von platzraubendem Faserpelz (Fleece) zu Hause. Im Laden von <a href=\"http:\/\/www.etsy.com\/shop\/UniqueShiny\" target=\"_blank\">Grace<\/a> (UniqueShiny) stiess ich dann auf Patchworkstoff:<\/span><\/p>\n<p><span style=\"font-family: Courier;\">1 Meter Faserpelz + 1 Meter beidseitig aufb\u00fcgelbares Vliesline + 1 Meter Patchworkstoff = Kuscheldecke (ab sofort <a href=\"http:\/\/www.etsy.com\/listing\/73058256\/sky-blue-baby-blanket-patchwork-blanket\" target=\"_blank\">hier<\/a> zu kaufen)<br \/>\n<\/span><\/p>\n<p><span style=\"font-family: Courier;\"><a href=\"https:\/\/i0.wp.com\/oberschin.com\/wp-content\/uploads\/2014\/10\/DSC04691.jpg\"><img data-recalc-dims=\"1\" loading=\"lazy\" decoding=\"async\" data-attachment-id=\"463\" data-permalink=\"http:\/\/oberschin.com\/?attachment_id=463\" data-orig-file=\"https:\/\/i0.wp.com\/oberschin.com\/wp-content\/uploads\/2014\/10\/DSC04691.jpg?fit=1000%2C666\" data-orig-size=\"1000,666\" data-comments-opened=\"1\" data-image-meta=\"{&quot;aperture&quot;:&quot;5.6&quot;,&quot;credit&quot;:&quot;&quot;,&quot;camera&quot;:&quot;DSLR-A350&quot;,&quot;caption&quot;:&quot;&quot;,&quot;created_timestamp&quot;:&quot;1300093200&quot;,&quot;copyright&quot;:&quot;&quot;,&quot;focal_length&quot;:&quot;75&quot;,&quot;iso&quot;:&quot;400&quot;,&quot;shutter_speed&quot;:&quot;0.066666666666667&quot;,&quot;title&quot;:&quot;SONY DSC&quot;,&quot;orientation&quot;:&quot;1&quot;}\" data-image-title=\"SONY DSC\" data-image-description=\"\" data-image-caption=\"\" data-large-file=\"https:\/\/i0.wp.com\/oberschin.com\/wp-content\/uploads\/2014\/10\/DSC04691.jpg?fit=620%2C413\" class=\"aligncenter wp-image-463\" src=\"https:\/\/i0.wp.com\/oberschin.com\/wp-content\/uploads\/2014\/10\/DSC04691.jpg?resize=620%2C413\" alt=\"SONY DSC\" width=\"620\" height=\"413\" srcset=\"https:\/\/i0.wp.com\/oberschin.com\/wp-content\/uploads\/2014\/10\/DSC04691.jpg?w=1000 1000w, https:\/\/i0.wp.com\/oberschin.com\/wp-content\/uploads\/2014\/10\/DSC04691.jpg?resize=300%2C199 300w, https:\/\/i0.wp.com\/oberschin.com\/wp-content\/uploads\/2014\/10\/DSC04691.jpg?resize=700%2C466 700w\" sizes=\"auto, (max-width: 620px) 100vw, 620px\" \/><\/a><\/span><\/p>\n<p align=\"center\"><span style=\"font-family: Courier;\"><a href=\"https:\/\/i0.wp.com\/oberschin.com\/wp-content\/uploads\/2014\/10\/DSC04682.jpg\"><img data-recalc-dims=\"1\" loading=\"lazy\" decoding=\"async\" data-attachment-id=\"462\" data-permalink=\"http:\/\/oberschin.com\/?attachment_id=462\" data-orig-file=\"https:\/\/i0.wp.com\/oberschin.com\/wp-content\/uploads\/2014\/10\/DSC04682.jpg?fit=1000%2C666\" data-orig-size=\"1000,666\" data-comments-opened=\"1\" data-image-meta=\"{&quot;aperture&quot;:&quot;5&quot;,&quot;credit&quot;:&quot;&quot;,&quot;camera&quot;:&quot;DSLR-A350&quot;,&quot;caption&quot;:&quot;&quot;,&quot;created_timestamp&quot;:&quot;1300092812&quot;,&quot;copyright&quot;:&quot;&quot;,&quot;focal_length&quot;:&quot;45&quot;,&quot;iso&quot;:&quot;400&quot;,&quot;shutter_speed&quot;:&quot;0.025&quot;,&quot;title&quot;:&quot;SONY DSC&quot;,&quot;orientation&quot;:&quot;1&quot;}\" data-image-title=\"SONY DSC\" data-image-description=\"\" data-image-caption=\"\" data-large-file=\"https:\/\/i0.wp.com\/oberschin.com\/wp-content\/uploads\/2014\/10\/DSC04682.jpg?fit=620%2C413\" class=\"aligncenter wp-image-462\" src=\"https:\/\/i0.wp.com\/oberschin.com\/wp-content\/uploads\/2014\/10\/DSC04682.jpg?resize=620%2C413\" alt=\"SONY DSC\" width=\"620\" height=\"413\" srcset=\"https:\/\/i0.wp.com\/oberschin.com\/wp-content\/uploads\/2014\/10\/DSC04682.jpg?w=1000 1000w, https:\/\/i0.wp.com\/oberschin.com\/wp-content\/uploads\/2014\/10\/DSC04682.jpg?resize=300%2C199 300w, https:\/\/i0.wp.com\/oberschin.com\/wp-content\/uploads\/2014\/10\/DSC04682.jpg?resize=700%2C466 700w\" sizes=\"auto, (max-width: 620px) 100vw, 620px\" \/><\/a>\u00a0\u00a0\u00a0<\/span><\/p>\n<p align=\"center\">\n<p align=\"left\"><span style=\"font-family: Courier;\">Anstatt alles zu &#8222;patchworken&#8220; habe ich die Stofflagen <span style=\"font-size: large;\">verknotet<\/span>: Hierzu einfach einen Stick -oder Wollfaden doppelt nehmen und durch alle Lagen stechen (einmal ganz durch und gut 0.5 cm von der Einstuchstelle entfernt wieder rauf). Auf der Oberseite die beiden Enden gut miteinader verknoten und auf die gew\u00fcnschte L\u00e4nge zur\u00fcckschneiden.<\/span><\/p>\n<p align=\"left\"><span style=\"font-family: Courier;\">Das blau-weiss karrierte Schr\u00e4gband habe ich nach einer Anleitung von <a href=\"http:\/\/www.dana-made-it.com\/2008\/07\/technique-understanding-bias-and-making.html\" target=\"_blank\">Dana<\/a> hergestellt. Eigentlich braucht man f\u00fcrs Schr\u00e4gband b\u00fcgeln keine Anleitung&#8230; aber f\u00fcrs Zuschneiden schon. <img data-recalc-dims=\"1\" decoding=\"async\" src=\"https:\/\/i0.wp.com\/static.websimages.com\/JS\/Punymce\/plugins\/emoticons\/img\/smile.gif?w=620\" alt=\":)\" \/> 1x falten und zerschneiden, noch 2x falten und dann in Streifen schneiden.<\/span><\/p>\n<p align=\"left\"><span style=\"font-family: Courier;\">Und hopps hat man viel zu viel vom gleichen Schr\u00e4gband.<\/span><\/p>\n<p align=\"center\">\u00a0 <span style=\"font-family: Courier;\"><a href=\"https:\/\/i0.wp.com\/oberschin.com\/wp-content\/uploads\/2014\/10\/DSC05067.jpg\"><img data-recalc-dims=\"1\" loading=\"lazy\" decoding=\"async\" data-attachment-id=\"464\" data-permalink=\"http:\/\/oberschin.com\/?attachment_id=464\" data-orig-file=\"https:\/\/i0.wp.com\/oberschin.com\/wp-content\/uploads\/2014\/10\/DSC05067.jpg?fit=1000%2C666\" data-orig-size=\"1000,666\" data-comments-opened=\"1\" data-image-meta=\"{&quot;aperture&quot;:&quot;5&quot;,&quot;credit&quot;:&quot;&quot;,&quot;camera&quot;:&quot;DSLR-A350&quot;,&quot;caption&quot;:&quot;&quot;,&quot;created_timestamp&quot;:&quot;1304005307&quot;,&quot;copyright&quot;:&quot;&quot;,&quot;focal_length&quot;:&quot;50&quot;,&quot;iso&quot;:&quot;400&quot;,&quot;shutter_speed&quot;:&quot;0.04&quot;,&quot;title&quot;:&quot;SONY DSC&quot;,&quot;orientation&quot;:&quot;1&quot;}\" data-image-title=\"SONY DSC\" data-image-description=\"\" data-image-caption=\"\" data-large-file=\"https:\/\/i0.wp.com\/oberschin.com\/wp-content\/uploads\/2014\/10\/DSC05067.jpg?fit=620%2C413\" class=\"aligncenter wp-image-464\" src=\"https:\/\/i0.wp.com\/oberschin.com\/wp-content\/uploads\/2014\/10\/DSC05067.jpg?resize=620%2C413\" alt=\"SONY DSC\" width=\"620\" height=\"413\" srcset=\"https:\/\/i0.wp.com\/oberschin.com\/wp-content\/uploads\/2014\/10\/DSC05067.jpg?w=1000 1000w, https:\/\/i0.wp.com\/oberschin.com\/wp-content\/uploads\/2014\/10\/DSC05067.jpg?resize=300%2C199 300w, https:\/\/i0.wp.com\/oberschin.com\/wp-content\/uploads\/2014\/10\/DSC05067.jpg?resize=700%2C466 700w\" sizes=\"auto, (max-width: 620px) 100vw, 620px\" \/><\/a><\/span><\/p>\n<p align=\"center\"><span style=\"font-family: Courier;\"><a href=\"https:\/\/i0.wp.com\/oberschin.com\/wp-content\/uploads\/2014\/10\/DSC05070.jpg\"><img data-recalc-dims=\"1\" loading=\"lazy\" decoding=\"async\" data-attachment-id=\"465\" data-permalink=\"http:\/\/oberschin.com\/?attachment_id=465\" data-orig-file=\"https:\/\/i0.wp.com\/oberschin.com\/wp-content\/uploads\/2014\/10\/DSC05070.jpg?fit=1000%2C666\" data-orig-size=\"1000,666\" data-comments-opened=\"1\" data-image-meta=\"{&quot;aperture&quot;:&quot;5.6&quot;,&quot;credit&quot;:&quot;&quot;,&quot;camera&quot;:&quot;DSLR-A350&quot;,&quot;caption&quot;:&quot;&quot;,&quot;created_timestamp&quot;:&quot;1304005345&quot;,&quot;copyright&quot;:&quot;&quot;,&quot;focal_length&quot;:&quot;90&quot;,&quot;iso&quot;:&quot;400&quot;,&quot;shutter_speed&quot;:&quot;0.04&quot;,&quot;title&quot;:&quot;SONY DSC&quot;,&quot;orientation&quot;:&quot;1&quot;}\" data-image-title=\"SONY DSC\" data-image-description=\"\" data-image-caption=\"\" data-large-file=\"https:\/\/i0.wp.com\/oberschin.com\/wp-content\/uploads\/2014\/10\/DSC05070.jpg?fit=620%2C413\" class=\"aligncenter wp-image-465\" src=\"https:\/\/i0.wp.com\/oberschin.com\/wp-content\/uploads\/2014\/10\/DSC05070.jpg?resize=620%2C413\" alt=\"SONY DSC\" width=\"620\" height=\"413\" srcset=\"https:\/\/i0.wp.com\/oberschin.com\/wp-content\/uploads\/2014\/10\/DSC05070.jpg?w=1000 1000w, https:\/\/i0.wp.com\/oberschin.com\/wp-content\/uploads\/2014\/10\/DSC05070.jpg?resize=300%2C199 300w, https:\/\/i0.wp.com\/oberschin.com\/wp-content\/uploads\/2014\/10\/DSC05070.jpg?resize=700%2C466 700w\" sizes=\"auto, (max-width: 620px) 100vw, 620px\" \/><\/a><\/span><\/p>\n<p align=\"left\"><span style=\"font-family: Courier;\">Wirklich praktisch. <img data-recalc-dims=\"1\" decoding=\"async\" src=\"https:\/\/i0.wp.com\/static.websimages.com\/JS\/Punymce\/plugins\/emoticons\/img\/smile.gif?w=620\" alt=\":)\" \/> Jetzt muss ich mir allerdings ein weiteres Projekt mit viel Schr\u00e4gbandbedarf ausdenken, sonst werde ich das nie los&#8230;<\/span><\/p>\n<p align=\"left\"><img data-recalc-dims=\"1\" loading=\"lazy\" decoding=\"async\" src=\"https:\/\/i0.wp.com\/oberschin.webs.com\/\/unterschrift.png?resize=70%2C30\" alt=\"\" width=\"70\" height=\"30\" \/><\/p>\n<p>&nbsp;<\/p>\n","protected":false},"excerpt":{"rendered":"<p>Aus mir unerkl\u00e4rlichen Gr\u00fcnden habe ich Unmengen von platzraubendem Faserpelz (Fleece) zu Hause. Im Laden von Grace (UniqueShiny) stiess ich dann auf Patchworkstoff: 1 Meter Faserpelz + 1&#8230;<\/p>\n","protected":false},"author":1,"featured_media":463,"comment_status":"open","ping_status":"open","sticky":false,"template":"","format":"standard","meta":{"jetpack_post_was_ever_published":false,"_jetpack_newsletter_access":"","_jetpack_dont_email_post_to_subs":false,"_jetpack_newsletter_tier_id":0,"_jetpack_memberships_contains_paywalled_content":false,"_jetpack_memberships_contains_paid_content":false,"footnotes":"","jetpack_publicize_message":"","jetpack_publicize_feature_enabled":true,"jetpack_social_post_already_shared":false,"jetpack_social_options":{"image_generator_settings":{"template":"highway","default_image_id":0,"font":"","enabled":false},"version":2}},"categories":[2,3,9],"tags":[],"class_list":["post-461","post","type-post","status-publish","format-standard","has-post-thumbnail","hentry","category-anleitungen","category-kinderkram","category-praktische-fuer-zuhause"],"jetpack_publicize_connections":[],"jetpack_featured_media_url":"https:\/\/i0.wp.com\/oberschin.com\/wp-content\/uploads\/2014\/10\/DSC04691.jpg?fit=1000%2C666","jetpack_sharing_enabled":true,"jetpack_shortlink":"https:\/\/wp.me\/p6KMDe-7r","jetpack-related-posts":[{"id":3137,"url":"http:\/\/oberschin.com\/?p=3137","url_meta":{"origin":461,"position":0},"title":"MMM #35 &#8211; Riesenblumen-Shirt","author":"oberschin","date":"18. Oktober 2017","format":false,"excerpt":"Das wohl einfachste Shirt ever: etwas mehr als einen Meter Stoff, goldenen Faden und ein smokinglily Shirt als Vorlage. Den Stoff - einen Modal Jersey von Lillestoff - habe ich frisch gekauft. Weil ich aber meinen Vorrat auf keinen Fall vergr\u00f6ssern darf, muss alles frisch gekaufte schnellstm\u00f6glich vern\u00e4ht werden. :)\u2026","rel":"","context":"In &quot;kleider f\u00fcr die frau&quot;","block_context":{"text":"kleider f\u00fcr die frau","link":"http:\/\/oberschin.com\/?cat=5"},"img":{"alt_text":"","src":"https:\/\/i0.wp.com\/oberschin.com\/wp-content\/uploads\/2017\/10\/DSC00087.jpg?fit=1000%2C678&resize=350%2C200","width":350,"height":200,"srcset":"https:\/\/i0.wp.com\/oberschin.com\/wp-content\/uploads\/2017\/10\/DSC00087.jpg?fit=1000%2C678&resize=350%2C200 1x, https:\/\/i0.wp.com\/oberschin.com\/wp-content\/uploads\/2017\/10\/DSC00087.jpg?fit=1000%2C678&resize=525%2C300 1.5x, https:\/\/i0.wp.com\/oberschin.com\/wp-content\/uploads\/2017\/10\/DSC00087.jpg?fit=1000%2C678&resize=700%2C400 2x"},"classes":[]},{"id":1821,"url":"http:\/\/oberschin.com\/?p=1821","url_meta":{"origin":461,"position":1},"title":"Landschafts-Kissen","author":"oberschin","date":"30. Mai 2015","format":false,"excerpt":"Ich sollte Schaumgummi besorgen, robusten Stoff in genau dem Blau, wie es im Prospekt verwendet wird auftreiben und ein Kissen n\u00e4hen. Den Stoff habe ich in einem Polsterm\u00f6bel-Laden gefunden... f\u00fcr stolze 120.- \/ Meter. Nachdem ich ihn passend zum Schaumstoff (100 x 35 cm) zugeschnitten hatte ging er zum Siebdruck...\u2026","rel":"","context":"In &quot;praktische f\u00fcr zuhause&quot;","block_context":{"text":"praktische f\u00fcr zuhause","link":"http:\/\/oberschin.com\/?cat=9"},"img":{"alt_text":"","src":"https:\/\/i0.wp.com\/oberschin.com\/wp-content\/uploads\/2015\/03\/DSC07454.jpg?fit=1000%2C666&resize=350%2C200","width":350,"height":200,"srcset":"https:\/\/i0.wp.com\/oberschin.com\/wp-content\/uploads\/2015\/03\/DSC07454.jpg?fit=1000%2C666&resize=350%2C200 1x, https:\/\/i0.wp.com\/oberschin.com\/wp-content\/uploads\/2015\/03\/DSC07454.jpg?fit=1000%2C666&resize=525%2C300 1.5x, https:\/\/i0.wp.com\/oberschin.com\/wp-content\/uploads\/2015\/03\/DSC07454.jpg?fit=1000%2C666&resize=700%2C400 2x"},"classes":[]},{"id":1137,"url":"http:\/\/oberschin.com\/?p=1137","url_meta":{"origin":461,"position":2},"title":"Wintermantel Sew Along &#8211; Teil 4 &#8211; Seidenfutter statt Polyester","author":"oberschin","date":"7. Oktober 2012","format":false,"excerpt":"In unserem Stoffladen gab es diese Woche 50% Rabatt auf ein paar wenige Stoffe im Schaufenster (das sind ja selten die Stoffe, die man grad haben muss). Ich bin eigentlich in den Laden gegangen um das wirklich wichtige Schulterpolster zu kaufen (laut Lucy und vielen anderen ein Muss bei einem\u2026","rel":"","context":"In &quot;kleider f\u00fcr die frau&quot;","block_context":{"text":"kleider f\u00fcr die frau","link":"http:\/\/oberschin.com\/?cat=5"},"img":{"alt_text":"","src":"https:\/\/i0.wp.com\/oberschin.com\/wp-content\/uploads\/2014\/10\/DSC03138.jpg?fit=1000%2C710&resize=350%2C200","width":350,"height":200,"srcset":"https:\/\/i0.wp.com\/oberschin.com\/wp-content\/uploads\/2014\/10\/DSC03138.jpg?fit=1000%2C710&resize=350%2C200 1x, https:\/\/i0.wp.com\/oberschin.com\/wp-content\/uploads\/2014\/10\/DSC03138.jpg?fit=1000%2C710&resize=525%2C300 1.5x, https:\/\/i0.wp.com\/oberschin.com\/wp-content\/uploads\/2014\/10\/DSC03138.jpg?fit=1000%2C710&resize=700%2C400 2x"},"classes":[]},{"id":1725,"url":"http:\/\/oberschin.com\/?p=1725","url_meta":{"origin":461,"position":3},"title":"Sitzkissen f\u00fcr zwei","author":"oberschin","date":"19. August 2015","format":false,"excerpt":"Ich bin wieder da (habt ihr sicher gemerkt)... wir sind wieder da... zu viert... also hier schon mal zwei von uns... auf meinem voluminlsten N\u00e4hprojekt bisher... Ich habe im Internet tolle Stoffs\u00e4cke gefunden (z.B. hier, hier und hier) und dachte mir, dass das doch etwas f\u00fcr unseren Kleinen w\u00e4re. Also\u2026","rel":"","context":"In &quot;kinderkram&quot;","block_context":{"text":"kinderkram","link":"http:\/\/oberschin.com\/?cat=3"},"img":{"alt_text":"","src":"https:\/\/i0.wp.com\/oberschin.com\/wp-content\/uploads\/2015\/07\/20150711_145243.jpg?fit=900%2C1200&resize=350%2C200","width":350,"height":200,"srcset":"https:\/\/i0.wp.com\/oberschin.com\/wp-content\/uploads\/2015\/07\/20150711_145243.jpg?fit=900%2C1200&resize=350%2C200 1x, https:\/\/i0.wp.com\/oberschin.com\/wp-content\/uploads\/2015\/07\/20150711_145243.jpg?fit=900%2C1200&resize=525%2C300 1.5x, https:\/\/i0.wp.com\/oberschin.com\/wp-content\/uploads\/2015\/07\/20150711_145243.jpg?fit=900%2C1200&resize=700%2C400 2x"},"classes":[]},{"id":1024,"url":"http:\/\/oberschin.com\/?p=1024","url_meta":{"origin":461,"position":4},"title":"un proyecto un poquito complicado&#8230; :) -Teil 1","author":"oberschin","date":"6. September 2012","format":false,"excerpt":"Ein Cocktail Kleid soll es werden... eines mit offenem R\u00fccken, enganliegend, knielang. Da sollte sich doch schon ein Muster finden lassen. Wir schauten 40 Minuten lang Musterb\u00fccher an und nichts war so, wie wir, bzw. wie meine grad eben kennengelernte ecuadorianische Kollegin, sich das vorstellte. Dann warf man uns aus\u2026","rel":"","context":"In &quot;kleider f\u00fcr die frau&quot;","block_context":{"text":"kleider f\u00fcr die frau","link":"http:\/\/oberschin.com\/?cat=5"},"img":{"alt_text":"","src":"https:\/\/i0.wp.com\/oberschin.com\/wp-content\/uploads\/2014\/10\/DSC02883.jpg?fit=1000%2C666&resize=350%2C200","width":350,"height":200,"srcset":"https:\/\/i0.wp.com\/oberschin.com\/wp-content\/uploads\/2014\/10\/DSC02883.jpg?fit=1000%2C666&resize=350%2C200 1x, https:\/\/i0.wp.com\/oberschin.com\/wp-content\/uploads\/2014\/10\/DSC02883.jpg?fit=1000%2C666&resize=525%2C300 1.5x, https:\/\/i0.wp.com\/oberschin.com\/wp-content\/uploads\/2014\/10\/DSC02883.jpg?fit=1000%2C666&resize=700%2C400 2x"},"classes":[]},{"id":2339,"url":"http:\/\/oberschin.com\/?p=2339","url_meta":{"origin":461,"position":5},"title":"Turbulette","author":"oberschin","date":"31. Oktober 2015","format":false,"excerpt":"Turbulette ist franz\u00f6sisch f\u00fcr Babyschlafsack... ein komisches Wort, nicht? Mich erinnert das an turbulent und so m\u00f6chte man ja nun wirklich nicht jede Nacht verbringen... Aber wie dem auch sein, der Schlafsack, den wir im Spital geschenkt bekommen haben ist dem kleinen Mann nun schon bald zu klein und es\u2026","rel":"","context":"In &quot;kinderkram&quot;","block_context":{"text":"kinderkram","link":"http:\/\/oberschin.com\/?cat=3"},"img":{"alt_text":"","src":"https:\/\/i0.wp.com\/oberschin.com\/wp-content\/uploads\/2015\/10\/DSC08476.jpg?fit=1000%2C666&resize=350%2C200","width":350,"height":200,"srcset":"https:\/\/i0.wp.com\/oberschin.com\/wp-content\/uploads\/2015\/10\/DSC08476.jpg?fit=1000%2C666&resize=350%2C200 1x, https:\/\/i0.wp.com\/oberschin.com\/wp-content\/uploads\/2015\/10\/DSC08476.jpg?fit=1000%2C666&resize=525%2C300 1.5x, https:\/\/i0.wp.com\/oberschin.com\/wp-content\/uploads\/2015\/10\/DSC08476.jpg?fit=1000%2C666&resize=700%2C400 2x"},"classes":[]}],"_links":{"self":[{"href":"http:\/\/oberschin.com\/index.php?rest_route=\/wp\/v2\/posts\/461","targetHints":{"allow":["GET"]}}],"collection":[{"href":"http:\/\/oberschin.com\/index.php?rest_route=\/wp\/v2\/posts"}],"about":[{"href":"http:\/\/oberschin.com\/index.php?rest_route=\/wp\/v2\/types\/post"}],"author":[{"embeddable":true,"href":"http:\/\/oberschin.com\/index.php?rest_route=\/wp\/v2\/users\/1"}],"replies":[{"embeddable":true,"href":"http:\/\/oberschin.com\/index.php?rest_route=%2Fwp%2Fv2%2Fcomments&post=461"}],"version-history":[{"count":1,"href":"http:\/\/oberschin.com\/index.php?rest_route=\/wp\/v2\/posts\/461\/revisions"}],"predecessor-version":[{"id":466,"href":"http:\/\/oberschin.com\/index.php?rest_route=\/wp\/v2\/posts\/461\/revisions\/466"}],"wp:featuredmedia":[{"embeddable":true,"href":"http:\/\/oberschin.com\/index.php?rest_route=\/wp\/v2\/media\/463"}],"wp:attachment":[{"href":"http:\/\/oberschin.com\/index.php?rest_route=%2Fwp%2Fv2%2Fmedia&parent=461"}],"wp:term":[{"taxonomy":"category","embeddable":true,"href":"http:\/\/oberschin.com\/index.php?rest_route=%2Fwp%2Fv2%2Fcategories&post=461"},{"taxonomy":"post_tag","embeddable":true,"href":"http:\/\/oberschin.com\/index.php?rest_route=%2Fwp%2Fv2%2Ftags&post=461"}],"curies":[{"name":"wp","href":"https:\/\/api.w.org\/{rel}","templated":true}]}}