{"id":2995,"date":"2016-12-21T21:15:14","date_gmt":"2016-12-21T20:15:14","guid":{"rendered":"http:\/\/oberschin.com\/?p=2995"},"modified":"2016-12-21T21:15:38","modified_gmt":"2016-12-21T20:15:38","slug":"mmm-34-wasserfall-rolli","status":"publish","type":"post","link":"http:\/\/oberschin.com\/?p=2995","title":{"rendered":"MMM #34 &#8211; Wasserfall-Rolli"},"content":{"rendered":"<p>Und wieder habe ich eineinhalb Meter lange gehorteten Stoff weniger im Schrank. Daf\u00fcr einen Pulli mehr.<\/p>\n<p><!--more--><\/p>\n<p>Ich habe mir den Stoff &#8211; vor vielleicht f\u00fcnf oder sechs Jahren &#8211; bestellt um ein J\u00e4ckli zu n\u00e4hen. Aber daf\u00fcr f\u00e4llt er zu sehr, finde ich. Und irgendwie hat er mich nie so richtig \u00fcberzeugt, als ich ihn dann in den H\u00e4nden hielt.<\/p>\n<p>Letzte Woche, als ich meinen gekauften grauen Rollkragenpulli trug, musste ich dann pl\u00f6tzlich an diesen Stoff denken. So ein Wasserfall-\u00e4hnlicher Rollkragen w\u00fcrde doch sicher ganz gut werden damit.<\/p>\n<p><img data-recalc-dims=\"1\" loading=\"lazy\" decoding=\"async\" data-attachment-id=\"2996\" data-permalink=\"http:\/\/oberschin.com\/?attachment_id=2996\" data-orig-file=\"https:\/\/i0.wp.com\/oberschin.com\/wp-content\/uploads\/2016\/11\/DSC00008.jpg?fit=1000%2C666\" data-orig-size=\"1000,666\" data-comments-opened=\"1\" data-image-meta=\"{&quot;aperture&quot;:&quot;5.6&quot;,&quot;credit&quot;:&quot;&quot;,&quot;camera&quot;:&quot;DSLR-A350&quot;,&quot;caption&quot;:&quot;SONY DSC&quot;,&quot;created_timestamp&quot;:&quot;1479636934&quot;,&quot;copyright&quot;:&quot;&quot;,&quot;focal_length&quot;:&quot;75&quot;,&quot;iso&quot;:&quot;400&quot;,&quot;shutter_speed&quot;:&quot;0.25&quot;,&quot;title&quot;:&quot;SONY DSC&quot;,&quot;orientation&quot;:&quot;1&quot;}\" data-image-title=\"\" data-image-description=\"\" data-image-caption=\"\" data-large-file=\"https:\/\/i0.wp.com\/oberschin.com\/wp-content\/uploads\/2016\/11\/DSC00008.jpg?fit=620%2C413\" class=\"size-full wp-image-2996 aligncenter\" src=\"https:\/\/i0.wp.com\/oberschin.com\/wp-content\/uploads\/2016\/11\/DSC00008.jpg?resize=620%2C413\" alt=\"\" width=\"620\" height=\"413\" srcset=\"https:\/\/i0.wp.com\/oberschin.com\/wp-content\/uploads\/2016\/11\/DSC00008.jpg?w=1000 1000w, https:\/\/i0.wp.com\/oberschin.com\/wp-content\/uploads\/2016\/11\/DSC00008.jpg?resize=300%2C200 300w, https:\/\/i0.wp.com\/oberschin.com\/wp-content\/uploads\/2016\/11\/DSC00008.jpg?resize=768%2C511 768w, https:\/\/i0.wp.com\/oberschin.com\/wp-content\/uploads\/2016\/11\/DSC00008.jpg?resize=973%2C648 973w, https:\/\/i0.wp.com\/oberschin.com\/wp-content\/uploads\/2016\/11\/DSC00008.jpg?resize=508%2C338 508w\" sizes=\"auto, (max-width: 620px) 100vw, 620px\" \/><\/p>\n<p>Der Schnitt ist super einfach&#8230; ich habe mir nicht einmal die M\u00fche gemacht einen Papierschnitt anzufertigen.<\/p>\n<p><img data-recalc-dims=\"1\" loading=\"lazy\" decoding=\"async\" data-attachment-id=\"2997\" data-permalink=\"http:\/\/oberschin.com\/?attachment_id=2997\" data-orig-file=\"https:\/\/i0.wp.com\/oberschin.com\/wp-content\/uploads\/2016\/11\/DSC00006.jpg?fit=1000%2C1503\" data-orig-size=\"1000,1503\" data-comments-opened=\"1\" data-image-meta=\"{&quot;aperture&quot;:&quot;5&quot;,&quot;credit&quot;:&quot;&quot;,&quot;camera&quot;:&quot;DSLR-A350&quot;,&quot;caption&quot;:&quot;SONY DSC&quot;,&quot;created_timestamp&quot;:&quot;1479636904&quot;,&quot;copyright&quot;:&quot;&quot;,&quot;focal_length&quot;:&quot;40&quot;,&quot;iso&quot;:&quot;400&quot;,&quot;shutter_speed&quot;:&quot;0.2&quot;,&quot;title&quot;:&quot;SONY DSC&quot;,&quot;orientation&quot;:&quot;1&quot;}\" data-image-title=\"\" data-image-description=\"\" data-image-caption=\"\" data-large-file=\"https:\/\/i0.wp.com\/oberschin.com\/wp-content\/uploads\/2016\/11\/DSC00006.jpg?fit=620%2C932\" class=\"size-full wp-image-2997 aligncenter\" src=\"https:\/\/i0.wp.com\/oberschin.com\/wp-content\/uploads\/2016\/11\/DSC00006.jpg?resize=620%2C932\" alt=\"\" width=\"620\" height=\"932\" srcset=\"https:\/\/i0.wp.com\/oberschin.com\/wp-content\/uploads\/2016\/11\/DSC00006.jpg?w=1000 1000w, https:\/\/i0.wp.com\/oberschin.com\/wp-content\/uploads\/2016\/11\/DSC00006.jpg?resize=200%2C300 200w, https:\/\/i0.wp.com\/oberschin.com\/wp-content\/uploads\/2016\/11\/DSC00006.jpg?resize=768%2C1154 768w, https:\/\/i0.wp.com\/oberschin.com\/wp-content\/uploads\/2016\/11\/DSC00006.jpg?resize=681%2C1024 681w, https:\/\/i0.wp.com\/oberschin.com\/wp-content\/uploads\/2016\/11\/DSC00006.jpg?resize=973%2C1462 973w, https:\/\/i0.wp.com\/oberschin.com\/wp-content\/uploads\/2016\/11\/DSC00006.jpg?resize=508%2C764 508w\" sizes=\"auto, (max-width: 620px) 100vw, 620px\" \/><\/p>\n<p>Ich habe den Pulli auf den Stoff gelegt, zur Schere gegriffen und los. Das Spezielle daran ist, dass der Fadenlauf quer verl\u00e4uft und weil die \u00c4rmel nicht separat zugeschnitten werden, ist hier der Fadenlauf dann so wie es sein muss. Das macht durchaus Sinn, denn so liegen die B\u00fcndchen am Handgelenk sch\u00f6n an.<\/p>\n<p><img data-recalc-dims=\"1\" loading=\"lazy\" decoding=\"async\" data-attachment-id=\"3006\" data-permalink=\"http:\/\/oberschin.com\/?attachment_id=3006\" data-orig-file=\"https:\/\/i0.wp.com\/oberschin.com\/wp-content\/uploads\/2016\/12\/Rolli-blau5.jpg?fit=2570%2C1846\" data-orig-size=\"2570,1846\" data-comments-opened=\"1\" data-image-meta=\"{&quot;aperture&quot;:&quot;3.5&quot;,&quot;credit&quot;:&quot;&quot;,&quot;camera&quot;:&quot;DSLR-A350&quot;,&quot;caption&quot;:&quot;SONY DSC&quot;,&quot;created_timestamp&quot;:&quot;1479990385&quot;,&quot;copyright&quot;:&quot;&quot;,&quot;focal_length&quot;:&quot;16&quot;,&quot;iso&quot;:&quot;400&quot;,&quot;shutter_speed&quot;:&quot;0.125&quot;,&quot;title&quot;:&quot;SONY DSC&quot;,&quot;orientation&quot;:&quot;1&quot;}\" data-image-title=\"\" data-image-description=\"\" data-image-caption=\"\" data-large-file=\"https:\/\/i0.wp.com\/oberschin.com\/wp-content\/uploads\/2016\/12\/Rolli-blau5.jpg?fit=620%2C446\" class=\"size-full wp-image-3006 aligncenter\" src=\"https:\/\/i0.wp.com\/oberschin.com\/wp-content\/uploads\/2016\/12\/Rolli-blau5.jpg?resize=620%2C445\" alt=\"\" width=\"620\" height=\"445\" srcset=\"https:\/\/i0.wp.com\/oberschin.com\/wp-content\/uploads\/2016\/12\/Rolli-blau5.jpg?w=2570 2570w, https:\/\/i0.wp.com\/oberschin.com\/wp-content\/uploads\/2016\/12\/Rolli-blau5.jpg?resize=300%2C215 300w, https:\/\/i0.wp.com\/oberschin.com\/wp-content\/uploads\/2016\/12\/Rolli-blau5.jpg?resize=768%2C552 768w, https:\/\/i0.wp.com\/oberschin.com\/wp-content\/uploads\/2016\/12\/Rolli-blau5.jpg?resize=1024%2C736 1024w, https:\/\/i0.wp.com\/oberschin.com\/wp-content\/uploads\/2016\/12\/Rolli-blau5.jpg?resize=973%2C699 973w, https:\/\/i0.wp.com\/oberschin.com\/wp-content\/uploads\/2016\/12\/Rolli-blau5.jpg?resize=508%2C365 508w, https:\/\/i0.wp.com\/oberschin.com\/wp-content\/uploads\/2016\/12\/Rolli-blau5.jpg?w=1240 1240w, https:\/\/i0.wp.com\/oberschin.com\/wp-content\/uploads\/2016\/12\/Rolli-blau5.jpg?w=1860 1860w\" sizes=\"auto, (max-width: 620px) 100vw, 620px\" \/><\/p>\n<p>Am Anfang st\u00f6rte es mich allerdings ein bisschen, dass die \u00c4rmel dadurch oben und unten eine Naht haben. Das ist mir beim gekauften Pulli gar nie aufgefallen. Ich finde das spannend, wie anders die Wahrnehmung ist, wenn etwas gekauft ist. Wieviel kritischer man gegen\u00fcber den selbstgen\u00e4hten Kleidern ist. Komisch, nicht?<\/p>\n<p><img data-recalc-dims=\"1\" loading=\"lazy\" decoding=\"async\" data-attachment-id=\"3005\" data-permalink=\"http:\/\/oberschin.com\/?attachment_id=3005\" data-orig-file=\"https:\/\/i0.wp.com\/oberschin.com\/wp-content\/uploads\/2016\/12\/Rolli-blau3.jpg?fit=2039%2C2606\" data-orig-size=\"2039,2606\" data-comments-opened=\"1\" data-image-meta=\"{&quot;aperture&quot;:&quot;3.5&quot;,&quot;credit&quot;:&quot;&quot;,&quot;camera&quot;:&quot;DSLR-A350&quot;,&quot;caption&quot;:&quot;SONY DSC&quot;,&quot;created_timestamp&quot;:&quot;1479990444&quot;,&quot;copyright&quot;:&quot;&quot;,&quot;focal_length&quot;:&quot;16&quot;,&quot;iso&quot;:&quot;400&quot;,&quot;shutter_speed&quot;:&quot;0.1&quot;,&quot;title&quot;:&quot;SONY DSC&quot;,&quot;orientation&quot;:&quot;1&quot;}\" data-image-title=\"\" data-image-description=\"\" data-image-caption=\"\" data-large-file=\"https:\/\/i0.wp.com\/oberschin.com\/wp-content\/uploads\/2016\/12\/Rolli-blau3.jpg?fit=620%2C793\" class=\"size-full wp-image-3005 aligncenter\" src=\"https:\/\/i0.wp.com\/oberschin.com\/wp-content\/uploads\/2016\/12\/Rolli-blau3.jpg?resize=620%2C792\" alt=\"\" width=\"620\" height=\"792\" srcset=\"https:\/\/i0.wp.com\/oberschin.com\/wp-content\/uploads\/2016\/12\/Rolli-blau3.jpg?w=2039 2039w, https:\/\/i0.wp.com\/oberschin.com\/wp-content\/uploads\/2016\/12\/Rolli-blau3.jpg?resize=235%2C300 235w, https:\/\/i0.wp.com\/oberschin.com\/wp-content\/uploads\/2016\/12\/Rolli-blau3.jpg?resize=768%2C982 768w, https:\/\/i0.wp.com\/oberschin.com\/wp-content\/uploads\/2016\/12\/Rolli-blau3.jpg?resize=801%2C1024 801w, https:\/\/i0.wp.com\/oberschin.com\/wp-content\/uploads\/2016\/12\/Rolli-blau3.jpg?resize=973%2C1244 973w, https:\/\/i0.wp.com\/oberschin.com\/wp-content\/uploads\/2016\/12\/Rolli-blau3.jpg?resize=508%2C649 508w, https:\/\/i0.wp.com\/oberschin.com\/wp-content\/uploads\/2016\/12\/Rolli-blau3.jpg?w=1240 1240w, https:\/\/i0.wp.com\/oberschin.com\/wp-content\/uploads\/2016\/12\/Rolli-blau3.jpg?w=1860 1860w\" sizes=\"auto, (max-width: 620px) 100vw, 620px\" \/><\/p>\n<p>Jetzt schaue ich mir noch an, was die anderen <a href=\"http:\/\/memademittwoch.blogspot.ch\/2016\/12\/me-made-mittwoch-am-21122016.html\">Mittwochs-N\u00e4herinnen <\/a>so tragen, heute.<\/p>\n<p>En sch\u00f6n\u00e4 Abe,<\/p>\n<p><img data-recalc-dims=\"1\" loading=\"lazy\" decoding=\"async\" data-attachment-id=\"2549\" data-permalink=\"http:\/\/oberschin.com\/?attachment_id=2549\" data-orig-file=\"https:\/\/i0.wp.com\/oberschin.com\/wp-content\/uploads\/2016\/03\/Unterschrift_Hand2-e1457953556984.png?fit=100%2C95\" data-orig-size=\"100,95\" data-comments-opened=\"1\" data-image-meta=\"{&quot;aperture&quot;:&quot;0&quot;,&quot;credit&quot;:&quot;&quot;,&quot;camera&quot;:&quot;&quot;,&quot;caption&quot;:&quot;&quot;,&quot;created_timestamp&quot;:&quot;0&quot;,&quot;copyright&quot;:&quot;&quot;,&quot;focal_length&quot;:&quot;0&quot;,&quot;iso&quot;:&quot;0&quot;,&quot;shutter_speed&quot;:&quot;0&quot;,&quot;title&quot;:&quot;&quot;,&quot;orientation&quot;:&quot;0&quot;}\" data-image-title=\"Unterschrift_Hand2\" data-image-description=\"\" data-image-caption=\"\" data-large-file=\"https:\/\/i0.wp.com\/oberschin.com\/wp-content\/uploads\/2016\/03\/Unterschrift_Hand2-e1457953556984.png?fit=100%2C95\" class=\"size-full wp-image-2549 alignnone\" src=\"https:\/\/i0.wp.com\/oberschin.com\/wp-content\/uploads\/2016\/03\/Unterschrift_Hand2-e1457953556984.png?resize=100%2C95\" alt=\"Unterschrift_Hand2\" width=\"100\" height=\"95\" \/><\/p>\n","protected":false},"excerpt":{"rendered":"<p>Und wieder habe ich eineinhalb Meter lange gehorteten Stoff weniger im Schrank. Daf\u00fcr einen Pulli mehr.<\/p>\n","protected":false},"author":1,"featured_media":2996,"comment_status":"open","ping_status":"open","sticky":false,"template":"","format":"standard","meta":{"jetpack_post_was_ever_published":false,"_jetpack_newsletter_access":"","_jetpack_dont_email_post_to_subs":true,"_jetpack_newsletter_tier_id":0,"_jetpack_memberships_contains_paywalled_content":false,"_jetpack_memberships_contains_paid_content":false,"footnotes":"","jetpack_publicize_message":"","jetpack_publicize_feature_enabled":true,"jetpack_social_post_already_shared":true,"jetpack_social_options":{"image_generator_settings":{"template":"highway","default_image_id":0,"font":"","enabled":false},"version":2}},"categories":[5,14],"tags":[],"class_list":["post-2995","post","type-post","status-publish","format-standard","has-post-thumbnail","hentry","category-kleider-fuer-die-frau","category-me-made-mittwoch"],"jetpack_publicize_connections":[],"jetpack_featured_media_url":"https:\/\/i0.wp.com\/oberschin.com\/wp-content\/uploads\/2016\/11\/DSC00008.jpg?fit=1000%2C666","jetpack_sharing_enabled":true,"jetpack_shortlink":"https:\/\/wp.me\/p6KMDe-Mj","jetpack-related-posts":[{"id":2499,"url":"http:\/\/oberschin.com\/?p=2499","url_meta":{"origin":2995,"position":0},"title":"Eule, Drachen und Ritter &#8211; statt Str\u00e4flingsanzug","author":"oberschin","date":"11. Februar 2016","format":false,"excerpt":"Als man mich beim Liebsten Blog Award gefragt hat, ob ich appliziere, musste ich mit \"nein\" antworten. Dabei wurde ich allerdings wieder einmal daran erinnert, wie toll die Kleider mit Applikationen werden k\u00f6nnen. Kurz darauf lief mir bei Yva eine Eule \u00fcber den Weg. Und weil mein mittlerer Mann \"hUhus\"\u2026","rel":"","context":"In &quot;japanisch n\u00e4hen&quot;","block_context":{"text":"japanisch n\u00e4hen","link":"http:\/\/oberschin.com\/?cat=17"},"img":{"alt_text":"","src":"https:\/\/i0.wp.com\/oberschin.com\/wp-content\/uploads\/2016\/02\/DSC08912.jpg?fit=1000%2C666&resize=350%2C200","width":350,"height":200,"srcset":"https:\/\/i0.wp.com\/oberschin.com\/wp-content\/uploads\/2016\/02\/DSC08912.jpg?fit=1000%2C666&resize=350%2C200 1x, https:\/\/i0.wp.com\/oberschin.com\/wp-content\/uploads\/2016\/02\/DSC08912.jpg?fit=1000%2C666&resize=525%2C300 1.5x, https:\/\/i0.wp.com\/oberschin.com\/wp-content\/uploads\/2016\/02\/DSC08912.jpg?fit=1000%2C666&resize=700%2C400 2x"},"classes":[]},{"id":455,"url":"http:\/\/oberschin.com\/?p=455","url_meta":{"origin":2995,"position":1},"title":"Bademantel-Malheur","author":"oberschin","date":"19. April 2011","format":false,"excerpt":"Ich kaufte sch\u00f6nen weissen Frottee-Stoff um damit Badem\u00e4ntel zu n\u00e4hen. Als ich ihn den neuen Stoff aber so schneeweiss vor mir sah, kam mir das dann doch irgendwie zu steril und zu hotelm\u00e4ssig vor. W\u00e4hrend dem Zuschneiden kam mir dann die super Idee: Ich f\u00e4rbe den Stoff einfach in der\u2026","rel":"","context":"In &quot;m\u00e4nnersache&quot;","block_context":{"text":"m\u00e4nnersache","link":"http:\/\/oberschin.com\/?cat=4"},"img":{"alt_text":"","src":"https:\/\/i0.wp.com\/oberschin.com\/wp-content\/uploads\/2014\/10\/DSC04971.jpg?fit=1000%2C666&resize=350%2C200","width":350,"height":200,"srcset":"https:\/\/i0.wp.com\/oberschin.com\/wp-content\/uploads\/2014\/10\/DSC04971.jpg?fit=1000%2C666&resize=350%2C200 1x, https:\/\/i0.wp.com\/oberschin.com\/wp-content\/uploads\/2014\/10\/DSC04971.jpg?fit=1000%2C666&resize=525%2C300 1.5x, https:\/\/i0.wp.com\/oberschin.com\/wp-content\/uploads\/2014\/10\/DSC04971.jpg?fit=1000%2C666&resize=700%2C400 2x"},"classes":[]},{"id":1255,"url":"http:\/\/oberschin.com\/?p=1255","url_meta":{"origin":2995,"position":2},"title":"Weihnachtskleid &#8211; sew along 2012 &#8211; Teil 2","author":"oberschin","date":"6. Dezember 2012","format":false,"excerpt":"Ich habe mich entschieden. Ich werde zwei Weihnachtskleider n\u00e4hen! Einmal eine Lucille aus im Stoff-Schrank-gehortetem-Strickstoff. Ja, ich habe einen ganzen Schrank voller Stoff, ein weiterer Grund mehr als nur ein Kleid zu n\u00e4hen. \u00a0 Diesen Strickstoff habe ich mal in Deutschland auf irgend\u00a0einem Markt gekauft. Er ist\u00a0doppelseitig verwendbar,\u00a0so kann ich\u2026","rel":"","context":"In &quot;japanisch n\u00e4hen&quot;","block_context":{"text":"japanisch n\u00e4hen","link":"http:\/\/oberschin.com\/?cat=17"},"img":{"alt_text":"","src":"https:\/\/i0.wp.com\/oberschin.com\/wp-content\/uploads\/2014\/10\/DSC03490.jpg?fit=1000%2C666&resize=350%2C200","width":350,"height":200,"srcset":"https:\/\/i0.wp.com\/oberschin.com\/wp-content\/uploads\/2014\/10\/DSC03490.jpg?fit=1000%2C666&resize=350%2C200 1x, https:\/\/i0.wp.com\/oberschin.com\/wp-content\/uploads\/2014\/10\/DSC03490.jpg?fit=1000%2C666&resize=525%2C300 1.5x, https:\/\/i0.wp.com\/oberschin.com\/wp-content\/uploads\/2014\/10\/DSC03490.jpg?fit=1000%2C666&resize=700%2C400 2x"},"classes":[]},{"id":1051,"url":"http:\/\/oberschin.com\/?p=1051","url_meta":{"origin":2995,"position":3},"title":"Wintermantel &#8211; sew along &#8211; Teil 3","author":"oberschin","date":"1. Oktober 2012","format":false,"excerpt":"Den Schnitt hatte ich ja bald mal ausgew\u00e4hlt. Nun\u00a0habe ich mich auch beim Stoff entschieden. Ich nehme einen dunkelblauen Wollstoff (Stoff und Stil), denn ich schon l\u00e4nger im Stoff-Schrank habe. Bildquelle: Buttiette.ch Nach dem ich beim Umziehen bemerkt habe, wie rau die Mengen an Stoff bei mir sind, habe ich\u2026","rel":"","context":"In &quot;kleider f\u00fcr die frau&quot;","block_context":{"text":"kleider f\u00fcr die frau","link":"http:\/\/oberschin.com\/?cat=5"},"img":{"alt_text":"","src":"https:\/\/i0.wp.com\/oberschin.com\/wp-content\/uploads\/2014\/10\/images.buttinette.com_.jpg?fit=480%2C480&resize=350%2C200","width":350,"height":200},"classes":[]},{"id":1275,"url":"http:\/\/oberschin.com\/?p=1275","url_meta":{"origin":2995,"position":4},"title":"MuKiTu-Sack","author":"oberschin","date":"18. Dezember 2012","format":false,"excerpt":"Ich habe letztes Wochenende einen Mutter-Kind-Turnen-S\u00e4cke f\u00fcr zwei M\u00e4dchen gen\u00e4ht (nach einem Schnitt von SchnittBox). Es gab keine Farbw\u00fcnsche oder so was, das Einzige was gew\u00fcnscht wurde, ist der Name auf dem Deckel. Mein erster Gedanke war \"applizieren\", aber als ich dank merkte, wie klein die Namen werden w\u00fcrden, habe\u2026","rel":"","context":"In &quot;kinderkram&quot;","block_context":{"text":"kinderkram","link":"http:\/\/oberschin.com\/?cat=3"},"img":{"alt_text":"","src":"https:\/\/i0.wp.com\/oberschin.com\/wp-content\/uploads\/2014\/10\/DSC03573.jpg?fit=1000%2C666&resize=350%2C200","width":350,"height":200,"srcset":"https:\/\/i0.wp.com\/oberschin.com\/wp-content\/uploads\/2014\/10\/DSC03573.jpg?fit=1000%2C666&resize=350%2C200 1x, https:\/\/i0.wp.com\/oberschin.com\/wp-content\/uploads\/2014\/10\/DSC03573.jpg?fit=1000%2C666&resize=525%2C300 1.5x, https:\/\/i0.wp.com\/oberschin.com\/wp-content\/uploads\/2014\/10\/DSC03573.jpg?fit=1000%2C666&resize=700%2C400 2x"},"classes":[]},{"id":2531,"url":"http:\/\/oberschin.com\/?p=2531","url_meta":{"origin":2995,"position":5},"title":"MMM# 30 &#8211; Wollstrickmantel","author":"oberschin","date":"5. Oktober 2016","format":false,"excerpt":"Eigentlich wollte ich mir aus dem Stoff eine Strickjacke, ein einfaches J\u00e4ckli n\u00e4hen. Ihr wisst schon, so ein Oversize-Ding ohne Kn\u00f6pfe und nichts... ein Projekt, das in gut einer Stunde zu erledigen ist. Perfekt f\u00fcr w\u00e4hrend dem Mittagsschlaf der Kleinen. Nur \"leider\" habe ich den Stoff im Internet gekauft und\u2026","rel":"","context":"In &quot;kleider f\u00fcr die frau&quot;","block_context":{"text":"kleider f\u00fcr die frau","link":"http:\/\/oberschin.com\/?cat=5"},"img":{"alt_text":"","src":"https:\/\/i0.wp.com\/oberschin.com\/wp-content\/uploads\/2016\/10\/DSC00003.jpg?resize=350%2C200","width":350,"height":200,"srcset":"https:\/\/i0.wp.com\/oberschin.com\/wp-content\/uploads\/2016\/10\/DSC00003.jpg?resize=350%2C200 1x, https:\/\/i0.wp.com\/oberschin.com\/wp-content\/uploads\/2016\/10\/DSC00003.jpg?resize=525%2C300 1.5x, https:\/\/i0.wp.com\/oberschin.com\/wp-content\/uploads\/2016\/10\/DSC00003.jpg?resize=700%2C400 2x"},"classes":[]}],"_links":{"self":[{"href":"http:\/\/oberschin.com\/index.php?rest_route=\/wp\/v2\/posts\/2995","targetHints":{"allow":["GET"]}}],"collection":[{"href":"http:\/\/oberschin.com\/index.php?rest_route=\/wp\/v2\/posts"}],"about":[{"href":"http:\/\/oberschin.com\/index.php?rest_route=\/wp\/v2\/types\/post"}],"author":[{"embeddable":true,"href":"http:\/\/oberschin.com\/index.php?rest_route=\/wp\/v2\/users\/1"}],"replies":[{"embeddable":true,"href":"http:\/\/oberschin.com\/index.php?rest_route=%2Fwp%2Fv2%2Fcomments&post=2995"}],"version-history":[{"count":4,"href":"http:\/\/oberschin.com\/index.php?rest_route=\/wp\/v2\/posts\/2995\/revisions"}],"predecessor-version":[{"id":3007,"href":"http:\/\/oberschin.com\/index.php?rest_route=\/wp\/v2\/posts\/2995\/revisions\/3007"}],"wp:featuredmedia":[{"embeddable":true,"href":"http:\/\/oberschin.com\/index.php?rest_route=\/wp\/v2\/media\/2996"}],"wp:attachment":[{"href":"http:\/\/oberschin.com\/index.php?rest_route=%2Fwp%2Fv2%2Fmedia&parent=2995"}],"wp:term":[{"taxonomy":"category","embeddable":true,"href":"http:\/\/oberschin.com\/index.php?rest_route=%2Fwp%2Fv2%2Fcategories&post=2995"},{"taxonomy":"post_tag","embeddable":true,"href":"http:\/\/oberschin.com\/index.php?rest_route=%2Fwp%2Fv2%2Ftags&post=2995"}],"curies":[{"name":"wp","href":"https:\/\/api.w.org\/{rel}","templated":true}]}}